{"id":138812,"date":"2022-01-18T08:15:00","date_gmt":"2022-01-18T13:15:00","guid":{"rendered":"https:\/\/linitiative.ca\/International\/arsenal-est-pret-a-liberer-le-fc-barcelone-de-lun-de-ses-indesirables\/"},"modified":"2022-01-18T08:15:00","modified_gmt":"2022-01-18T13:15:00","slug":"arsenal-est-pret-a-liberer-le-fc-barcelone-de-lun-de-ses-indesirables","status":"publish","type":"post","link":"https:\/\/linitiative.ca\/International\/arsenal-est-pret-a-liberer-le-fc-barcelone-de-lun-de-ses-indesirables\/","title":{"rendered":"Arsenal est pr\u00eat \u00e0 lib\u00e9rer le FC Barcelone de l\u2019un de ses ind\u00e9sirables"},"content":{"rendered":"<div>Toujours \u00e0 la recherche de renforts afin de consolider les premiers fruits de ses succ\u00e8s en Premier League, Mikel Arteta exigerait la signature d\u2019une nouvelle recrue.<\/div>\n<p>Auteur:<br \/>\n<a href=\"https:\/\/www.lebuteur.com\/article\/detail?titre=arsenal-est-pret-a-liberer-le-fc-barcelone-de-lun-de-ses-indesirables&#038;id=102099\">Cliquez ici pour lire l&rsquo;article depuis sa source.<\/a><\/p>\n","protected":false},"excerpt":{"rendered":"<p>Toujours \u00e0 la recherche de renforts afin de consolider les premiers fruits de ses succ\u00e8s en Premier League, Mikel Arteta exigerait la signature d\u2019une nouvelle recrue. Auteur: Cliquez ici pour lire l&rsquo;article depuis sa source.<\/p>\n","protected":false},"author":1738,"featured_media":0,"comment_status":"closed","ping_status":"closed","sticky":false,"template":"","format":"standard","meta":{"fifu_image_url":"","fifu_image_alt":"","footnotes":""},"categories":[53,75],"tags":[],"class_list":["post-138812","post","type-post","status-publish","format-standard","hentry","category-algerie","category-sport"],"_links":{"self":[{"href":"https:\/\/linitiative.ca\/International\/wp-json\/wp\/v2\/posts\/138812","targetHints":{"allow":["GET"]}}],"collection":[{"href":"https:\/\/linitiative.ca\/International\/wp-json\/wp\/v2\/posts"}],"about":[{"href":"https:\/\/linitiative.ca\/International\/wp-json\/wp\/v2\/types\/post"}],"author":[{"embeddable":true,"href":"https:\/\/linitiative.ca\/International\/wp-json\/wp\/v2\/users\/1738"}],"replies":[{"embeddable":true,"href":"https:\/\/linitiative.ca\/International\/wp-json\/wp\/v2\/comments?post=138812"}],"version-history":[{"count":0,"href":"https:\/\/linitiative.ca\/International\/wp-json\/wp\/v2\/posts\/138812\/revisions"}],"wp:attachment":[{"href":"https:\/\/linitiative.ca\/International\/wp-json\/wp\/v2\/media?parent=138812"}],"wp:term":[{"taxonomy":"category","embeddable":true,"href":"https:\/\/linitiative.ca\/International\/wp-json\/wp\/v2\/categories?post=138812"},{"taxonomy":"post_tag","embeddable":true,"href":"https:\/\/linitiative.ca\/International\/wp-json\/wp\/v2\/tags?post=138812"}],"curies":[{"name":"wp","href":"https:\/\/api.w.org\/{rel}","templated":true}]}}