{"id":138814,"date":"2022-01-18T11:28:00","date_gmt":"2022-01-18T16:28:00","guid":{"rendered":"https:\/\/linitiative.ca\/International\/can-2021-algerie-le-match-face-a-la-cote-divoire-ne-sera-pas-delocalise\/"},"modified":"2022-01-18T11:28:00","modified_gmt":"2022-01-18T16:28:00","slug":"can-2021-algerie-le-match-face-a-la-cote-divoire-ne-sera-pas-delocalise","status":"publish","type":"post","link":"https:\/\/linitiative.ca\/International\/can-2021-algerie-le-match-face-a-la-cote-divoire-ne-sera-pas-delocalise\/","title":{"rendered":"CAN-2021 \/ Alg\u00e9rie: \u00a0\u00bb Le match face \u00e0 la C\u00f4te d\u2019Ivoire ne sera pas d\u00e9localis\u00e9\u00a0\u00bb"},"content":{"rendered":"<div>La FAF a demand\u00e9 \u00e0 la commission des comp\u00e9titions de la CAF, de d\u00e9localiser ce match&#8230;<\/div>\n<p>Auteur:<br \/>\n<a href=\"https:\/\/www.lebuteur.com\/article\/detail?titre=can-2021-algerie-le-match-face-a-la-cote-divoire-ne-sera-pas-delocalise&#038;id=102101\">Cliquez ici pour lire l&rsquo;article depuis sa source.<\/a><\/p>\n","protected":false},"excerpt":{"rendered":"<p>La FAF a demand\u00e9 \u00e0 la commission des comp\u00e9titions de la CAF, de d\u00e9localiser ce match&#8230; Auteur: Cliquez ici pour lire l&rsquo;article depuis sa source.<\/p>\n","protected":false},"author":1738,"featured_media":0,"comment_status":"closed","ping_status":"closed","sticky":false,"template":"","format":"standard","meta":{"fifu_image_url":"","fifu_image_alt":"","footnotes":""},"categories":[53,75],"tags":[],"class_list":["post-138814","post","type-post","status-publish","format-standard","hentry","category-algerie","category-sport"],"_links":{"self":[{"href":"https:\/\/linitiative.ca\/International\/wp-json\/wp\/v2\/posts\/138814","targetHints":{"allow":["GET"]}}],"collection":[{"href":"https:\/\/linitiative.ca\/International\/wp-json\/wp\/v2\/posts"}],"about":[{"href":"https:\/\/linitiative.ca\/International\/wp-json\/wp\/v2\/types\/post"}],"author":[{"embeddable":true,"href":"https:\/\/linitiative.ca\/International\/wp-json\/wp\/v2\/users\/1738"}],"replies":[{"embeddable":true,"href":"https:\/\/linitiative.ca\/International\/wp-json\/wp\/v2\/comments?post=138814"}],"version-history":[{"count":0,"href":"https:\/\/linitiative.ca\/International\/wp-json\/wp\/v2\/posts\/138814\/revisions"}],"wp:attachment":[{"href":"https:\/\/linitiative.ca\/International\/wp-json\/wp\/v2\/media?parent=138814"}],"wp:term":[{"taxonomy":"category","embeddable":true,"href":"https:\/\/linitiative.ca\/International\/wp-json\/wp\/v2\/categories?post=138814"},{"taxonomy":"post_tag","embeddable":true,"href":"https:\/\/linitiative.ca\/International\/wp-json\/wp\/v2\/tags?post=138814"}],"curies":[{"name":"wp","href":"https:\/\/api.w.org\/{rel}","templated":true}]}}