{"id":138817,"date":"2022-01-18T03:46:00","date_gmt":"2022-01-18T08:46:00","guid":{"rendered":"https:\/\/linitiative.ca\/International\/mohamed-baccour-des-valeurs-plurielles\/"},"modified":"2022-01-18T03:46:00","modified_gmt":"2022-01-18T08:46:00","slug":"mohamed-baccour-des-valeurs-plurielles","status":"publish","type":"post","link":"https:\/\/linitiative.ca\/International\/mohamed-baccour-des-valeurs-plurielles\/","title":{"rendered":"Mohamed Baccour: des valeurs plurielles"},"content":{"rendered":"<div><img decoding=\"async\" src=\"https:\/\/linitiative.ca\/International\/wp-content\/uploads\/sites\/23\/2022\/01\/1642494340_article.jpg\" alt=\"Mohamed Baccour: Des valeurs plurielles\" align=\"left\">Mohamed Baccour, qui vient de s\u2019\u00e9teindre \u00e0 l\u2019\u00e2ge de 92 ans, a toujours incarn\u00e9 le patriotisme, cette m\u00e9ta-valeur. Chef scout, militant destourien aux c\u00f4t\u00e9s de H\u00e9di Chaker (1942-1952), prisonnier politique sauvagement tortur\u00e9 (1952-1955), il a repris, au lendemain de l\u2019ind\u00e9pendance, son cartable d\u2019enseignant. Pendant 30 ans (1958 -1978), il s\u2019\u00e9tait d\u00e9di\u00e9 \u00e0 l\u2019\u00e9ducation des g\u00e9n\u00e9rations montantes. Son \u00e9cole primaire de la rue de Bagdad, \u00e0 Sfax, \u00e9tait devenue, sous sa direction, synonyme d\u2019excellence, raflant les palmar\u00e8s nationaux et ouvrant la voie de la r\u00e9ussite \u00e0 des promotions successives d\u2019illustres comp\u00e9tences dans divers domaines.<br \/>\nS&rsquo;il a endur\u00e9 &#8230;<\/p>\n<\/div>\n<p>Auteur:<br \/>\n<a href=\"https:\/\/www.leaders.com.tn\/article\/32874-mohamed-baccour-des-valeurs-plurielles\">Cliquez ici pour lire l&rsquo;article depuis sa source.<\/a><\/p>\n","protected":false},"excerpt":{"rendered":"<p>Mohamed Baccour, qui vient de s\u2019\u00e9teindre \u00e0 l\u2019\u00e2ge de 92 ans, a toujours incarn\u00e9 le patriotisme, cette m\u00e9ta-valeur. Chef scout, militant destourien aux c\u00f4t\u00e9s de H\u00e9di Chaker (1942-1952), prisonnier politique sauvagement tortur\u00e9 (1952-1955), il a repris, au lendemain de l\u2019ind\u00e9pendance, son cartable d\u2019enseignant. Pendant 30 ans (1958 -1978), il s\u2019\u00e9tait d\u00e9di\u00e9 \u00e0 l\u2019\u00e9ducation des g\u00e9n\u00e9rations [&hellip;]<\/p>\n","protected":false},"author":1772,"featured_media":0,"comment_status":"closed","ping_status":"closed","sticky":false,"template":"","format":"standard","meta":{"fifu_image_url":"http:\/\/www.leaders.com.tn\/uploads\/content\/thumbnails_small\/1642494340_article.jpg","fifu_image_alt":"Mohamed Baccour: des valeurs plurielles","footnotes":""},"categories":[73,55],"tags":[],"class_list":["post-138817","post","type-post","status-publish","format-standard","hentry","category-actualite","category-tunisie"],"_links":{"self":[{"href":"https:\/\/linitiative.ca\/International\/wp-json\/wp\/v2\/posts\/138817","targetHints":{"allow":["GET"]}}],"collection":[{"href":"https:\/\/linitiative.ca\/International\/wp-json\/wp\/v2\/posts"}],"about":[{"href":"https:\/\/linitiative.ca\/International\/wp-json\/wp\/v2\/types\/post"}],"author":[{"embeddable":true,"href":"https:\/\/linitiative.ca\/International\/wp-json\/wp\/v2\/users\/1772"}],"replies":[{"embeddable":true,"href":"https:\/\/linitiative.ca\/International\/wp-json\/wp\/v2\/comments?post=138817"}],"version-history":[{"count":0,"href":"https:\/\/linitiative.ca\/International\/wp-json\/wp\/v2\/posts\/138817\/revisions"}],"wp:attachment":[{"href":"https:\/\/linitiative.ca\/International\/wp-json\/wp\/v2\/media?parent=138817"}],"wp:term":[{"taxonomy":"category","embeddable":true,"href":"https:\/\/linitiative.ca\/International\/wp-json\/wp\/v2\/categories?post=138817"},{"taxonomy":"post_tag","embeddable":true,"href":"https:\/\/linitiative.ca\/International\/wp-json\/wp\/v2\/tags?post=138817"}],"curies":[{"name":"wp","href":"https:\/\/api.w.org\/{rel}","templated":true}]}}