{"id":138823,"date":"2022-01-18T05:48:54","date_gmt":"2022-01-18T10:48:54","guid":{"rendered":"https:\/\/linitiative.ca\/International\/la-cgem-et-la-douane-signent-un-accord-cadre-pour-renforcer-laccompagnement-des-entreprises\/"},"modified":"2022-01-18T05:48:54","modified_gmt":"2022-01-18T10:48:54","slug":"la-cgem-et-la-douane-signent-un-accord-cadre-pour-renforcer-laccompagnement-des-entreprises","status":"publish","type":"post","link":"https:\/\/linitiative.ca\/International\/la-cgem-et-la-douane-signent-un-accord-cadre-pour-renforcer-laccompagnement-des-entreprises\/","title":{"rendered":"La CGEM et la Douane signent un accord-cadre pour renforcer l\u2019accompagnement des entreprises"},"content":{"rendered":"<div><img decoding=\"async\" width=\"2560\" height=\"1707\" src=\"https:\/\/linitiative.ca\/International\/wp-content\/uploads\/sites\/23\/2022\/01\/114A1150-2-scaled-1.jpeg\" class=\"attachment-post-thumbnail size-post-thumbnail wp-post-image\" alt=\"\" loading=\"lazy\" srcset=\"https:\/\/linitiative.ca\/International\/wp-content\/uploads\/sites\/23\/2022\/01\/114A1150-2-scaled-1.jpeg 2560w, https:\/\/www.challenge.ma\/wp-content\/uploads\/2022\/01\/114A1150-2-300x200.jpeg 300w, https:\/\/www.challenge.ma\/wp-content\/uploads\/2022\/01\/114A1150-2-1024x683.jpeg 1024w, https:\/\/www.challenge.ma\/wp-content\/uploads\/2022\/01\/114A1150-2-768x512.jpeg 768w, https:\/\/www.challenge.ma\/wp-content\/uploads\/2022\/01\/114A1150-2-1536x1024.jpeg 1536w, https:\/\/www.challenge.ma\/wp-content\/uploads\/2022\/01\/114A1150-2-2048x1365.jpeg 2048w, https:\/\/www.challenge.ma\/wp-content\/uploads\/2022\/01\/114A1150-2-360x240.jpeg 360w, https:\/\/www.challenge.ma\/wp-content\/uploads\/2022\/01\/114A1150-2-750x500.jpeg 750w\" sizes=\"auto, (max-width: 2560px) 100vw, 2560px\" itemprop=\"image\">La Conf\u00e9d\u00e9ration g\u00e9n\u00e9rale des entreprises du Maroc (CGEM) et l\u2019Administration des douanes et imp\u00f4ts indirects (ADII) ont r\u00e9cemment sign\u00e9 un accord-cadre visant l\u2019am\u00e9lioration du climat des affaires. Il s\u2019agit d\u2019un accord qui vient mat\u00e9rialiser le partenariat entre les deux institutions en faveur d\u2019un accompagnement plus important des entreprises marocaines op\u00e9rant<\/div>\n<p>Auteur: challenge<br \/>\n<a href=\"https:\/\/www.challenge.ma\/climat-des-affaires-la-cgem-et-la-douane-signent-un-accord-cadre-pour-renforcer-laccompagnement-des-entreprises-230879\/\">Cliquez ici pour lire l&rsquo;article depuis sa source.<\/a><\/p>\n","protected":false},"excerpt":{"rendered":"<p>La Conf\u00e9d\u00e9ration g\u00e9n\u00e9rale des entreprises du Maroc (CGEM) et l\u2019Administration des douanes et imp\u00f4ts indirects (ADII) ont r\u00e9cemment sign\u00e9 un accord-cadre visant l\u2019am\u00e9lioration du climat des affaires. Il s\u2019agit d\u2019un accord qui vient mat\u00e9rialiser le partenariat entre les deux institutions en faveur d\u2019un accompagnement plus important des entreprises marocaines op\u00e9rant Auteur: challenge Cliquez ici pour [&hellip;]<\/p>\n","protected":false},"author":1787,"featured_media":0,"comment_status":"closed","ping_status":"closed","sticky":false,"template":"","format":"standard","meta":{"fifu_image_url":"https:\/\/www.challenge.ma\/wp-content\/uploads\/2022\/01\/114A1150-2-scaled.jpeg","fifu_image_alt":"La CGEM et la Douane signent un accord-cadre pour renforcer l\u2019accompagnement des entreprises","footnotes":""},"categories":[78,54],"tags":[],"class_list":["post-138823","post","type-post","status-publish","format-standard","hentry","category-economie","category-maroc"],"_links":{"self":[{"href":"https:\/\/linitiative.ca\/International\/wp-json\/wp\/v2\/posts\/138823","targetHints":{"allow":["GET"]}}],"collection":[{"href":"https:\/\/linitiative.ca\/International\/wp-json\/wp\/v2\/posts"}],"about":[{"href":"https:\/\/linitiative.ca\/International\/wp-json\/wp\/v2\/types\/post"}],"author":[{"embeddable":true,"href":"https:\/\/linitiative.ca\/International\/wp-json\/wp\/v2\/users\/1787"}],"replies":[{"embeddable":true,"href":"https:\/\/linitiative.ca\/International\/wp-json\/wp\/v2\/comments?post=138823"}],"version-history":[{"count":0,"href":"https:\/\/linitiative.ca\/International\/wp-json\/wp\/v2\/posts\/138823\/revisions"}],"wp:attachment":[{"href":"https:\/\/linitiative.ca\/International\/wp-json\/wp\/v2\/media?parent=138823"}],"wp:term":[{"taxonomy":"category","embeddable":true,"href":"https:\/\/linitiative.ca\/International\/wp-json\/wp\/v2\/categories?post=138823"},{"taxonomy":"post_tag","embeddable":true,"href":"https:\/\/linitiative.ca\/International\/wp-json\/wp\/v2\/tags?post=138823"}],"curies":[{"name":"wp","href":"https:\/\/api.w.org\/{rel}","templated":true}]}}