{"id":138827,"date":"2022-01-18T08:36:11","date_gmt":"2022-01-18T13:36:11","guid":{"rendered":"https:\/\/linitiative.ca\/International\/covid-19-omicron-represente-95-des-cas-positifs-au-maroc-ministere-de-la-sante\/"},"modified":"2022-01-18T08:36:11","modified_gmt":"2022-01-18T13:36:11","slug":"covid-19-omicron-represente-95-des-cas-positifs-au-maroc-ministere-de-la-sante","status":"publish","type":"post","link":"https:\/\/linitiative.ca\/International\/covid-19-omicron-represente-95-des-cas-positifs-au-maroc-ministere-de-la-sante\/","title":{"rendered":"Covid-19. Omicron repr\u00e9sente 95% des cas positifs au Maroc [Minist\u00e8re de la Sant\u00e9]"},"content":{"rendered":"<div><img decoding=\"async\" width=\"675\" height=\"400\" src=\"https:\/\/linitiative.ca\/International\/wp-content\/uploads\/sites\/23\/2022\/01\/covi.jpeg\" class=\"attachment-post-thumbnail size-post-thumbnail wp-post-image\" alt=\"\" loading=\"lazy\" srcset=\"https:\/\/linitiative.ca\/International\/wp-content\/uploads\/sites\/23\/2022\/01\/covi.jpeg 675w, https:\/\/www.challenge.ma\/wp-content\/uploads\/2021\/11\/covi-300x178.jpeg 300w, https:\/\/www.challenge.ma\/wp-content\/uploads\/2021\/11\/covi-360x213.jpeg 360w\" sizes=\"auto, (max-width: 675px) 100vw, 675px\" itemprop=\"image\">Selon le minist\u00e8re de la Sant\u00e9, le variant Omicron domine d\u00e9sormais les contaminations, repr\u00e9sentant 95% des cas positifs au Maroc. Le coordonnateur du Centre national des op\u00e9rations d\u2019urgence de sant\u00e9 publique du minist\u00e8re de la Sant\u00e9, Mouad Mrabet, a annonc\u00e9 lors de la pr\u00e9sentation du bilan bimensuel de la situation<\/div>\n<p>Auteur: challenge<br \/>\n<a href=\"https:\/\/www.challenge.ma\/covid-19-omicron-represente-95-des-cas-positifs-au-maroc-ministere-de-la-sante-230893\/\">Cliquez ici pour lire l&rsquo;article depuis sa source.<\/a><\/p>\n","protected":false},"excerpt":{"rendered":"<p>Selon le minist\u00e8re de la Sant\u00e9, le variant Omicron domine d\u00e9sormais les contaminations, repr\u00e9sentant 95% des cas positifs au Maroc. Le coordonnateur du Centre national des op\u00e9rations d\u2019urgence de sant\u00e9 publique du minist\u00e8re de la Sant\u00e9, Mouad Mrabet, a annonc\u00e9 lors de la pr\u00e9sentation du bilan bimensuel de la situation Auteur: challenge Cliquez ici pour [&hellip;]<\/p>\n","protected":false},"author":1787,"featured_media":0,"comment_status":"closed","ping_status":"closed","sticky":false,"template":"","format":"standard","meta":{"fifu_image_url":"https:\/\/www.challenge.ma\/wp-content\/uploads\/2021\/11\/covi.jpeg","fifu_image_alt":"Covid-19. Omicron repr\u00e9sente 95% des cas positifs au Maroc [Minist\u00e8re de la Sant\u00e9]","footnotes":""},"categories":[78,54],"tags":[],"class_list":["post-138827","post","type-post","status-publish","format-standard","hentry","category-economie","category-maroc"],"_links":{"self":[{"href":"https:\/\/linitiative.ca\/International\/wp-json\/wp\/v2\/posts\/138827","targetHints":{"allow":["GET"]}}],"collection":[{"href":"https:\/\/linitiative.ca\/International\/wp-json\/wp\/v2\/posts"}],"about":[{"href":"https:\/\/linitiative.ca\/International\/wp-json\/wp\/v2\/types\/post"}],"author":[{"embeddable":true,"href":"https:\/\/linitiative.ca\/International\/wp-json\/wp\/v2\/users\/1787"}],"replies":[{"embeddable":true,"href":"https:\/\/linitiative.ca\/International\/wp-json\/wp\/v2\/comments?post=138827"}],"version-history":[{"count":0,"href":"https:\/\/linitiative.ca\/International\/wp-json\/wp\/v2\/posts\/138827\/revisions"}],"wp:attachment":[{"href":"https:\/\/linitiative.ca\/International\/wp-json\/wp\/v2\/media?parent=138827"}],"wp:term":[{"taxonomy":"category","embeddable":true,"href":"https:\/\/linitiative.ca\/International\/wp-json\/wp\/v2\/categories?post=138827"},{"taxonomy":"post_tag","embeddable":true,"href":"https:\/\/linitiative.ca\/International\/wp-json\/wp\/v2\/tags?post=138827"}],"curies":[{"name":"wp","href":"https:\/\/api.w.org\/{rel}","templated":true}]}}