{"id":138840,"date":"2022-01-18T17:20:01","date_gmt":"2022-01-18T22:20:01","guid":{"rendered":"https:\/\/linitiative.ca\/International\/reconstruction-des-marches-de-colma-et-daccart-ville-les-commercants-liberent-finalement-les-sites\/"},"modified":"2022-01-18T17:20:01","modified_gmt":"2022-01-18T22:20:01","slug":"reconstruction-des-marches-de-colma-et-daccart-ville-les-commercants-liberent-finalement-les-sites","status":"publish","type":"post","link":"https:\/\/linitiative.ca\/International\/reconstruction-des-marches-de-colma-et-daccart-ville-les-commercants-liberent-finalement-les-sites\/","title":{"rendered":"Reconstruction des march\u00e9s de Colma et d\u2019Accart-ville : Les commer\u00e7ants lib\u00e8rent finalement les sites"},"content":{"rendered":"<div>\n<p><strong>A la suite de la d\u00e9cision de l\u2019arrondissement 2 de Bobo-Dioulasso de reconstruire les march\u00e9s des quartiers Colma et Accart-ville de la ville, les commer\u00e7ants avaient manifest\u00e9 leur col\u00e8re et leur refus de d\u00e9guerpir. Mais apr\u00e8s moult interventions, ils ont finalement lib\u00e9r\u00e9 les lieux ce mardi 18 janvier 2022 comme pr\u00e9vu dans l\u2019ultimatum des autorit\u00e9s.<\/strong><\/p>\n<p>Des maisonnettes sans toits ni fen\u00eatres par-ci, quelques commer\u00e7ants qui essaient de prendre le reste de leurs affaires de fortune par-l\u00e0, des fruits, l\u00e9gumes, c\u00e9r\u00e9ales ou produits divers absents des lieux \u2026 Tel est le constat que l\u2019on fait dans la matin\u00e9e du mardi 18 janvier 2022 dans les march\u00e9s de Colma (secteur 11) et d\u2019Accart-ville (secteur 9) de Bobo-Dioulasso.<\/p>\n<p>En effet, la destruction desdits march\u00e9s avait fait grincer les dents au sein des occupants actuels que sont des commer\u00e7ants. Apr\u00e8s de nombreuses concertations entre les autorit\u00e9s et les commer\u00e7ants, la date du d\u00e9guerpissement qui \u00e9tait pr\u00e9vue pour le 5 janvier, a \u00e9t\u00e9 repouss\u00e9e au 18 janvier \u00e0 la demande des occupants. Abdramane Ounw\u00e9ba, l\u2019un des commer\u00e7ants du march\u00e9 d\u2019Accart-ville, fait savoir que l\u2019information du d\u00e9guerpissement a \u00e9t\u00e9 donn\u00e9e tr\u00e8s tard, m\u00eame s\u2019il approuve l\u2019id\u00e9e de sa reconstruction. \u00ab Nous avons \u00e9t\u00e9 inform\u00e9s brusquement.<\/p>\n<p>Nous avons tout fait pour lib\u00e9rer totalement le march\u00e9 \u00e0 la date du 18 janvier. C\u2019est pourquoi aujourd\u2019hui tous les commer\u00e7ants ont fait leurs hangars \u00bb, laisse-t-il entendre. A entendre Moussa Kon\u00e9, commer\u00e7ant au march\u00e9 de Colma, le d\u00e9guerpissement a \u00e9t\u00e9 possible gr\u00e2ce \u00e0 l\u2019intervention des chefs coutumiers et religieux. Les commer\u00e7ants ont par ailleurs pr\u00e9cis\u00e9 que des recensements ont \u00e9t\u00e9 faits au moins 4 \u00e0 5 fois et qu\u2019ils gardent l\u2019espoir qu\u2019on en tiendra compte apr\u00e8s la finalisation des travaux de construction. \u00ab On nous a demand\u00e9 de quitter pour qu\u2019on reconstruise.<\/p>\n<p>Nous esp\u00e9rons qu\u2019apr\u00e8s les travaux, ils nous redonneront les places qui nous reviennent de droit \u00bb, souhaite Abdramane Ounw\u00e9ba. Pour l\u2019instant et \u00e0 en croire les commer\u00e7ants, aucun site provisoire ne leur a \u00e9t\u00e9 donn\u00e9 pour continuer leurs activit\u00e9s. \u00ab Ils ne nous ont pas donn\u00e9 de lieu provisoire pour nous installer. On a r\u00e9clam\u00e9, mais la mairie ne nous propose que pour alternative de nous installer dans les six-m\u00e8tres des quartiers \u00bb, poursuit Abdramane Ounw\u00e9ba.<\/p>\n<p>Selon lui, cette solution ne prend pas en compte la gestion int\u00e9grale du probl\u00e8me, ce qui les oblige \u00e0 mettre en place d\u2019autres strat\u00e9gies. \u00ab Tout le monde n\u2019a pas pu avoir de la place dans les six-m\u00e8tres. D\u2019autres se sont vu oblig\u00e9s de s\u2019installer aux abords du goudron. On va leur demander de lib\u00e9rer ou pas, nous n\u2019en savons rien \u00bb, s\u2019inqui\u00e8te-t-il.<\/p>\n<h3>Manque de place et morosit\u00e9 du march\u00e9<\/h3>\n<figure id=\"attachment_44445\" aria-describedby=\"caption-attachment-44445\" style=\"width: 285px\" class=\"wp-caption alignleft\"><img decoding=\"async\" loading=\"lazy\" class=\"size-medium wp-image-44445\" src=\"https:\/\/linitiative.ca\/International\/wp-content\/uploads\/sites\/23\/2022\/01\/accartville2-285x300-1.gif\" alt=\"\" width=\"285\" height=\"300\" srcset=\"https:\/\/linitiative.ca\/International\/wp-content\/uploads\/sites\/23\/2022\/01\/accartville2-285x300-1.gif 285w, https:\/\/www.sidwaya.info\/wp-content\/uploads\/2022\/01\/accartville2-768x808.gif 768w, https:\/\/www.sidwaya.info\/wp-content\/uploads\/2022\/01\/accartville2-150x158.gif 150w, https:\/\/www.sidwaya.info\/wp-content\/uploads\/2022\/01\/accartville2-300x316.gif 300w, https:\/\/www.sidwaya.info\/wp-content\/uploads\/2022\/01\/accartville2-696x732.gif 696w, https:\/\/www.sidwaya.info\/wp-content\/uploads\/2022\/01\/accartville2-399x420.gif 399w\" sizes=\"auto, (max-width: 285px) 100vw, 285px\"><figcaption id=\"caption-attachment-44445\" class=\"wp-caption-text\">Abdramane Ounw\u00e9ba, l\u2019un des commer\u00e7ants du march\u00e9 d\u2019Accart-ville, approuve la reconstruction du march\u00e9, m\u00eame si l\u2019information a \u00e9t\u00e9 donn\u00e9e tardivement.<\/figcaption><\/figure>\n<p>Mariam Fofana, vendeuse de condiments de ce march\u00e9, se pose les m\u00eames questions. \u00ab La commune nous a demand\u00e9 de rentrer dans des six-m\u00e8tres pour vendre, mais tout le monde n\u2019a pas pu avoir de la place. Certains ont \u00e9t\u00e9 oblig\u00e9s de s\u2019installer aux abords du goudron afin de pouvoir avoir leur pain quotidien. Nous esp\u00e9rons qu\u2019ils ne nous demanderont pas de quitter \u00bb, lance-t-elle. Pour la commer\u00e7ante Salimata Sako, la construction du march\u00e9 est une bonne chose, mais des supplications demeurent toujours. \u00ab Nous implorons les autorit\u00e9s de nous permettre d\u2019exercer au bord du goudron.<\/p>\n<p>Les quartiers sont restreints et tous les commer\u00e7ants n\u2019arrivent pas \u00e0 s\u2019y installer \u00bb, insiste-t-elle. M. Ounw\u00e9ba de son c\u00f4t\u00e9 interpelle les autorit\u00e9s \u00e0 \u00eatre plus indulgentes \u00ab Que le maire fasse de son possible pour ne pas d\u00e9cevoir les occupants du march\u00e9 install\u00e9s aux abords du goudron car ce sont des veuves pour la plupart qui ont d\u2019\u00e9normes charges familiales \u00bb, pr\u00e9cise-t-il. Au march\u00e9 de Colma, le constat est tout autre.<\/p>\n<p>Les occupants ont effectivement lib\u00e9r\u00e9 les hangars. Toutefois, les commer\u00e7ants d\u00e9j\u00e0 r\u00e9install\u00e9s se plaignent de la morosit\u00e9 du march\u00e9 dans leurs nouveaux points de vente. Mais comme au march\u00e9 d\u2019Accart-ville, d\u2019autres commer\u00e7ants peinent \u00e0 avoir de la place pour s\u2019installer. \u00ab Nous, on a eu la place pour exposer nos marchandises.<\/p>\n<p>Mais certains n\u2019ont toujours pas de place et sont oblig\u00e9s de rester \u00e0 la maison avec leurs produits \u00bb, indique Adjara Ou\u00e9draogo, une commer\u00e7ante. Selon elle, la solidarit\u00e9 entre commer\u00e7ants se fait rare \u00e0 cause de la concurrence. \u00ab Certains commer\u00e7ants refusent de laisser leurs camarades s\u2019installer \u00e0 c\u00f4t\u00e9 d\u2019eux car ils craignent qu\u2019ils leurs arrachent leurs clients, et c\u2019est dommage \u00bb, confesse-t-elle.<\/p>\n<p style=\"text-align: right\"><strong>Adaman DRABO <\/strong><\/p>\n<p style=\"text-align: right\"><strong>Sosth\u00e8ne SOMBIE<\/strong> (Stagiaire)<\/p>\n<p style=\"text-align: right\">\n<p>L\u2019article <a rel=\"nofollow\" href=\"https:\/\/www.sidwaya.info\/blog\/2022\/01\/18\/reconstruction-des-marches-de-colma-et-daccart-ville-les-commercants-liberent-finalement-les-sites\/\">Reconstruction des march\u00e9s de Colma et d\u2019Accart-ville : Les commer\u00e7ants lib\u00e8rent finalement les sites<\/a> est apparu en premier sur <a rel=\"nofollow\" href=\"https:\/\/www.sidwaya.info\/\">Quotidien Sidwaya<\/a>.<\/p>\n<\/div>\n<p>Auteur: JK. Sidwaya<br \/>\n<a href=\"https:\/\/www.sidwaya.info\/blog\/2022\/01\/18\/reconstruction-des-marches-de-colma-et-daccart-ville-les-commercants-liberent-finalement-les-sites\/?utm_source=rss&#038;utm_medium=rss&#038;utm_campaign=reconstruction-des-marches-de-colma-et-daccart-ville-les-commercants-liberent-finalement-les-sites\">Cliquez ici pour lire l&rsquo;article depuis sa source.<\/a><\/p>\n","protected":false},"excerpt":{"rendered":"<p>A la suite de la d\u00e9cision de l\u2019arrondissement 2 de Bobo-Dioulasso de reconstruire les march\u00e9s des quartiers Colma et Accart-ville de la ville, les commer\u00e7ants avaient manifest\u00e9 leur col\u00e8re et leur refus de d\u00e9guerpir. Mais apr\u00e8s moult interventions, ils ont finalement lib\u00e9r\u00e9 les lieux ce mardi 18 janvier 2022 comme pr\u00e9vu dans l\u2019ultimatum des autorit\u00e9s. [&hellip;]<\/p>\n","protected":false},"author":1816,"featured_media":0,"comment_status":"closed","ping_status":"closed","sticky":false,"template":"","format":"standard","meta":{"fifu_image_url":"https:\/\/www.sidwaya.info\/wp-content\/uploads\/2022\/01\/accartville2-285x300.gif","fifu_image_alt":"Reconstruction des march\u00e9s de Colma et d\u2019Accart-ville : Les commer\u00e7ants lib\u00e8rent finalement les sites","footnotes":""},"categories":[73,81],"tags":[],"class_list":["post-138840","post","type-post","status-publish","format-standard","hentry","category-actualite","category-burkina-faso"],"_links":{"self":[{"href":"https:\/\/linitiative.ca\/International\/wp-json\/wp\/v2\/posts\/138840","targetHints":{"allow":["GET"]}}],"collection":[{"href":"https:\/\/linitiative.ca\/International\/wp-json\/wp\/v2\/posts"}],"about":[{"href":"https:\/\/linitiative.ca\/International\/wp-json\/wp\/v2\/types\/post"}],"author":[{"embeddable":true,"href":"https:\/\/linitiative.ca\/International\/wp-json\/wp\/v2\/users\/1816"}],"replies":[{"embeddable":true,"href":"https:\/\/linitiative.ca\/International\/wp-json\/wp\/v2\/comments?post=138840"}],"version-history":[{"count":0,"href":"https:\/\/linitiative.ca\/International\/wp-json\/wp\/v2\/posts\/138840\/revisions"}],"wp:attachment":[{"href":"https:\/\/linitiative.ca\/International\/wp-json\/wp\/v2\/media?parent=138840"}],"wp:term":[{"taxonomy":"category","embeddable":true,"href":"https:\/\/linitiative.ca\/International\/wp-json\/wp\/v2\/categories?post=138840"},{"taxonomy":"post_tag","embeddable":true,"href":"https:\/\/linitiative.ca\/International\/wp-json\/wp\/v2\/tags?post=138840"}],"curies":[{"name":"wp","href":"https:\/\/api.w.org\/{rel}","templated":true}]}}