{"id":138842,"date":"2022-01-18T17:31:50","date_gmt":"2022-01-18T22:31:50","guid":{"rendered":"https:\/\/linitiative.ca\/International\/soutien-au-peuple-malien-basolma-bazie-a-la-tete-dune-initiative-citoyenne\/"},"modified":"2022-01-18T17:31:50","modified_gmt":"2022-01-18T22:31:50","slug":"soutien-au-peuple-malien-basolma-bazie-a-la-tete-dune-initiative-citoyenne","status":"publish","type":"post","link":"https:\/\/linitiative.ca\/International\/soutien-au-peuple-malien-basolma-bazie-a-la-tete-dune-initiative-citoyenne\/","title":{"rendered":"Soutien au peuple malien : Basolma Bazi\u00e9 \u00e0 la t\u00eate d\u2019une  initiative citoyenne"},"content":{"rendered":"<div>\n<p><strong>L\u2019Initiative de soutien au peuple malien (ISPM) \u00e9tait face \u00e0 la presse, le mardi 18 janvier 2022, \u00e0 Ouagadougou, pour se pr\u00e9senter \u00e0 l\u2019opinion nationale et inviter le peuple burkinab\u00e8 \u00e0 adh\u00e9rer \u00e0 sa cause.<\/strong><\/p>\n<p>Les sanctions inflig\u00e9es au Mali par la Communaut\u00e9 \u00e9conomique des Etats de l\u2019Afrique de l\u2019Ouest (CEDEAO) n\u2019est pas du go\u00fbt de Bassolma Bazi\u00e9, ancien secr\u00e9taire g\u00e9n\u00e9ral de la Conf\u00e9d\u00e9ration g\u00e9n\u00e9rale du travail du Burkina (CGT-B).<\/p>\n<p>C\u2019est ainsi que de concert avec d\u2019autres personnalit\u00e9s qui partagent son point de vue, il a mis en place une organisation d\u00e9nomm\u00e9e Initiative de soutien au peuple malien (ISPM). Il l\u2019a pr\u00e9sent\u00e9e \u00e0 l\u2019opinion nationale au cours d\u2019une conf\u00e9rence de presse anim\u00e9e, le mardi 18 janvier 2022, \u00e0 Ouagadougou.<\/p>\n<p>Aux dires de M. Bazi\u00e9, porte-parole de l\u2019initiative, l\u2019ISPM est une organisation apolitique regroupant diverses personnalit\u00e9s d\u00e9sirant soutenir la cause du peuple malien et africain. Il a pour objectifs, selon lui, de contribuer \u00e0 la r\u00e9ouverture imm\u00e9diate des fronti\u00e8res maliennes, d\u2019encourager et exhorter la soci\u00e9t\u00e9 civile malienne \u00e0 parler de la m\u00eame voix, d\u2019\u0153uvrer \u00e0 obtenir le d\u00e9gel des avoirs du peuple malien dans les institutions financi\u00e8res et rechercher la lev\u00e9e des obstacles sur la jouissance des droits fondamentaux des populations maliennes.<\/p>\n<p>Pour les membres de l\u2019ISPM, les sanctions de la CEDEAO, m\u00eame si elles visent \u00e0 contraindre les autorit\u00e9s de la transition \u00e0 organiser les \u00e9lections, auront un impact direct sur les populations maliennes.<\/p>\n<p>Des populations qui, \u00e0 les entendre, sont d\u00e9j\u00e0 durement affect\u00e9es par les effets n\u00e9gatifs de la crise multidimensionnelle que vit le pays depuis 2012. Et Basolma Bazi\u00e9 d\u2019ajouter que ces sanctions risquent de plonger le Mali dans une crise humanitaire sans pr\u00e9c\u00e9dent dans la mesure o\u00f9 elles privent les populations de leurs droits \u00e9l\u00e9mentaires.<\/p>\n<p>Au-del\u00e0 du Mali, l\u2019ISPM est convaincue que ces mesures auront des cons\u00e9quences sur les autres peuples de l\u2019espace sous r\u00e9gional au regard des interactions humaines, des \u00e9changes \u00e9conomiques et des liens \u00e9troits qu\u2019entretiennent ces peuples unis par l\u2019histoire et la g\u00e9ographie depuis des si\u00e8cles.<\/p>\n<h3>Les meilleures r\u00e9ponses<\/h3>\n<p>De ce fait, elle a invit\u00e9 l\u2019ensemble des Africains \u00e0 un engagement individuel et collectif pour l\u2019amorce d\u2019une nouvelle dynamique en vue de trouver les meilleures r\u00e9ponses \u00e0 la crise diplomatique entre le Mali et la CEDEAO. \u00ab Il est n\u00e9cessaire que les peuples africains se rassemblent pour t\u00e9moigner une v\u00e9ritable solidarit\u00e9 \u00e0 l\u2019endroit de leurs fr\u00e8res maliens \u00bb, a-t-il estim\u00e9.<\/p>\n<p>Pour leur part, les membres de l\u2019ISPM ont promis de r\u00e9fl\u00e9chir \u00e0 des moyens d\u2019assister le peuple malien et contribuer \u00e0 un dialogue pouvant aboutir \u00e0 la r\u00e9solution de la crise malienne. Est-ce \u00e0 dire que votre initiative a \u00e9t\u00e9 cr\u00e9\u00e9e sans une vision claire des actions qu\u2019elle pourrait mener pour atteindre ses objectifs ?<\/p>\n<p>Ont questionn\u00e9 les journalistes. En r\u00e9ponse \u00e0 cette question, le porte-parole de l\u2019ISPM a indiqu\u00e9 que la pr\u00e9sente conf\u00e9rence de presse constitue une premi\u00e8re \u00e9tape qui visait \u00e0 lancer officiellement l\u2019initiative. Les autres \u00e9tapes, a-t-il dit, se d\u00e9clineront au fur et \u00e0 mesure en fonction de l\u2019\u00e9volution de la situation et de l\u2019accueil qui sera r\u00e9serv\u00e9 \u00e0 l\u2019organisation par l\u2019opinion nationale et internationale.<\/p>\n<p>Bassolma Bazi\u00e9 a n\u00e9anmoins fait savoir que le comit\u00e9 ad hoc de cr\u00e9ation de l\u2019initiative a d\u00e9j\u00e0 cibl\u00e9 quelques actions qu\u2019elle pourrait mettre en \u0153uvre, notamment des rencontres avec certaines autorit\u00e9s burkinab\u00e8 et maliennes. Il a cependant pr\u00e9cis\u00e9 que la mise en \u0153uvre de ces actions est toujours en examen par le comit\u00e9 qui est en train d\u2019analyser la faisabilit\u00e9.<\/p>\n<p>Le porte-parole de l\u2019ISPM a invit\u00e9 l\u2019ensemble des citoyens d\u00e9sirant soutenir la cause malienne \u00e0 adh\u00e9rer \u00e0 l\u2019initiative, car le premier moyen pour l\u2019organisation d\u2019atteindre ses objectifs est d\u2019avoir des ressources humaines de qualit\u00e9. \u00ab Quels que soient les moyens que nous allons d\u00e9velopper, si nous n\u2019avons pas des hommes de qualit\u00e9, capables de consentir des sacrifices pour se faire entendre, ce n\u2019est pas s\u00fbr que nous allons avancer \u00bb, a-t-il estim\u00e9. Il a par ailleurs rappel\u00e9 que l\u2019ISPM est ouverte \u00e0 toute personnalit\u00e9 de bonne moralit\u00e9 sans distinction de nationalit\u00e9, d\u2019ethnie ou de religion.<\/p>\n<p style=\"text-align: right\"><strong>Nad\u00e8ge YAMEOGO<\/strong><\/p>\n<p>L\u2019article <a rel=\"nofollow\" href=\"https:\/\/www.sidwaya.info\/blog\/2022\/01\/18\/soutien-au-peuple-malien-basolma-bazie-a-la-tete-dune-initiative-citoyenne\/\">Soutien au peuple malien : Basolma Bazi\u00e9 \u00e0 la t\u00eate d\u2019une  initiative citoyenne<\/a> est apparu en premier sur <a rel=\"nofollow\" href=\"https:\/\/www.sidwaya.info\/\">Quotidien Sidwaya<\/a>.<\/p>\n<\/div>\n<p>Auteur: JK. Sidwaya<br \/>\n<a href=\"https:\/\/www.sidwaya.info\/blog\/2022\/01\/18\/soutien-au-peuple-malien-basolma-bazie-a-la-tete-dune-initiative-citoyenne\/?utm_source=rss&#038;utm_medium=rss&#038;utm_campaign=soutien-au-peuple-malien-basolma-bazie-a-la-tete-dune-initiative-citoyenne\">Cliquez ici pour lire l&rsquo;article depuis sa source.<\/a><\/p>\n","protected":false},"excerpt":{"rendered":"<p>L\u2019Initiative de soutien au peuple malien (ISPM) \u00e9tait face \u00e0 la presse, le mardi 18 janvier 2022, \u00e0 Ouagadougou, pour se pr\u00e9senter \u00e0 l\u2019opinion nationale et inviter le peuple burkinab\u00e8 \u00e0 adh\u00e9rer \u00e0 sa cause. Les sanctions inflig\u00e9es au Mali par la Communaut\u00e9 \u00e9conomique des Etats de l\u2019Afrique de l\u2019Ouest (CEDEAO) n\u2019est pas du go\u00fbt [&hellip;]<\/p>\n","protected":false},"author":1816,"featured_media":0,"comment_status":"closed","ping_status":"closed","sticky":false,"template":"","format":"standard","meta":{"fifu_image_url":"","fifu_image_alt":"","footnotes":""},"categories":[73,81],"tags":[],"class_list":["post-138842","post","type-post","status-publish","format-standard","hentry","category-actualite","category-burkina-faso"],"_links":{"self":[{"href":"https:\/\/linitiative.ca\/International\/wp-json\/wp\/v2\/posts\/138842","targetHints":{"allow":["GET"]}}],"collection":[{"href":"https:\/\/linitiative.ca\/International\/wp-json\/wp\/v2\/posts"}],"about":[{"href":"https:\/\/linitiative.ca\/International\/wp-json\/wp\/v2\/types\/post"}],"author":[{"embeddable":true,"href":"https:\/\/linitiative.ca\/International\/wp-json\/wp\/v2\/users\/1816"}],"replies":[{"embeddable":true,"href":"https:\/\/linitiative.ca\/International\/wp-json\/wp\/v2\/comments?post=138842"}],"version-history":[{"count":0,"href":"https:\/\/linitiative.ca\/International\/wp-json\/wp\/v2\/posts\/138842\/revisions"}],"wp:attachment":[{"href":"https:\/\/linitiative.ca\/International\/wp-json\/wp\/v2\/media?parent=138842"}],"wp:term":[{"taxonomy":"category","embeddable":true,"href":"https:\/\/linitiative.ca\/International\/wp-json\/wp\/v2\/categories?post=138842"},{"taxonomy":"post_tag","embeddable":true,"href":"https:\/\/linitiative.ca\/International\/wp-json\/wp\/v2\/tags?post=138842"}],"curies":[{"name":"wp","href":"https:\/\/api.w.org\/{rel}","templated":true}]}}