{"id":138846,"date":"2022-01-18T10:48:42","date_gmt":"2022-01-18T15:48:42","guid":{"rendered":"https:\/\/linitiative.ca\/International\/cameroun-lelectrification-de-687-villages-en-gestation\/"},"modified":"2022-01-18T10:48:42","modified_gmt":"2022-01-18T15:48:42","slug":"cameroun-lelectrification-de-687-villages-en-gestation","status":"publish","type":"post","link":"https:\/\/linitiative.ca\/International\/cameroun-lelectrification-de-687-villages-en-gestation\/","title":{"rendered":"Cameroun : l\u2019\u00e9lectrification de 687 villages en gestation"},"content":{"rendered":"<div>\n<p><img decoding=\"async\" width=\"1024\" height=\"683\" src=\"https:\/\/linitiative.ca\/International\/wp-content\/uploads\/sites\/23\/2022\/01\/Installation-poteau-electrique.jpg\" class=\"attachment-post-thumbnail size-post-thumbnail wp-post-image\" alt=\"\" loading=\"lazy\" srcset=\"https:\/\/linitiative.ca\/International\/wp-content\/uploads\/sites\/23\/2022\/01\/Installation-poteau-electrique.jpg 1024w, https:\/\/www.journalducameroun.com\/wp-content\/uploads\/2022\/01\/Installation-poteau-electrique-300x200.jpg 300w, https:\/\/www.journalducameroun.com\/wp-content\/uploads\/2022\/01\/Installation-poteau-electrique-768x512.jpg 768w, https:\/\/www.journalducameroun.com\/wp-content\/uploads\/2022\/01\/Installation-poteau-electrique-660x440.jpg 660w, https:\/\/www.journalducameroun.com\/wp-content\/uploads\/2022\/01\/Installation-poteau-electrique-600x400.jpg 600w\" sizes=\"auto, (max-width: 1024px) 100vw, 1024px\"><\/p>\n<h2 style=\"text-align: justify;\"><strong>C\u2019est ce qui ressort de la cinqui\u00e8me session du comit\u00e9 de pilotage consacr\u00e9 \u00e0 ce projet. Une assisse pr\u00e9sid\u00e9e par le ministre Gaston Eloundou Essomba en charge de l\u2019\u00e9nergie le 17 janvier dernier. <\/strong><\/h2>\n<p style=\"text-align: justify;\">Que la lumi\u00e8re soit et elle le sera d\u2019ici l\u2019horizon 2025 pour 687 villages au Cameroun. Ces nouveaux branchements \u00e9lectriques auront lieu dans des zones rurales des r\u00e9gions de l\u2019Est, l\u2019Extr\u00eame-Nord, le Nord, le Nord-Ouest et du Sud-Ouest. Il s\u2019agit de l\u2019initiative <strong>Perace<\/strong> (Projet d\u2019\u00e9lectrification rurale et d\u2019acc\u00e8s \u00e0 l\u2019\u00e9nergie au Cameron). Elle est port\u00e9e par le <strong>minist\u00e8re de l\u2019Eau et de l\u2019Energie, (Minee)<\/strong> en partenariat avec <strong>Eneo<\/strong>.<\/p>\n<p style=\"text-align: justify;\">Mais \u00e9galement, jouie de l\u2019appui de la <strong>Banque mondiale,<\/strong> qui a d\u00e9j\u00e0 allou\u00e9 un ch\u00e8que de pr\u00e8s de 85 milliards de F CFA. Dans sa d\u00e9clinaison, il sera question d\u2019effectuer un branchement \u00e9lectrique sur pr\u00e8s de 147 localit\u00e9s dans des villages \u00e0 <strong>l\u2019Est, l\u2019Extr\u00eame-Nord, le Nord, le Nord-Ouest et le Sud-Ouest<\/strong>. Une initiative aux grandes dames d\u2019environ 1\u00a0931\u00a0000 personnes qui verront leur quotidien ainsi am\u00e9lior\u00e9.<\/p>\n<p style=\"text-align: justify;\">Lanc\u00e9 depuis 2020, ce <strong>projet d\u2019\u00e9lectrification<\/strong> fait face cependant \u00e0 de nombreux d\u00e9fis qui favorisent le non-respect du calendrier des activit\u00e9s comme l\u2019a soulign\u00e9 le Minee. On retrouve parmi eux, des probl\u00e8mes d\u2019ordre s\u00e9curitaires avec la secte islamique Boko Haram au niveau de l\u2019Extr\u00eame-Nord ou encore la crise dans les r\u00e9gions du Nord-Ouest et Sud-Ouest sans oublier des lenteurs dans le processus de passation des march\u00e9s a laiss\u00e9 entendre Gaston Eloundou Essomba.<\/p>\n<p style=\"text-align: justify;\">L\u2019ann\u00e9e 2022 selon le <strong>ministre Eloundou Essomba<\/strong> sera principalement d\u00e9di\u00e9e aux paiements des indemnisations et \u00e9galement au d\u00e9marrage effectif des travaux \u00e0 l\u2019Est et \u00e0 l\u2019Extr\u00eame-Nord. Pour ce qui est de la r\u00e9gion du Nord par exemple, le minist\u00e8re est en discussion avec la <strong>Banque europ\u00e9enne d\u2019investissement<\/strong> pour le financement des travaux qui s\u2019\u00e9l\u00e8ve \u00e0 39 milliards de FCFA<\/p>\n<p>\u00a0<\/p>\n<p>\u00a0<\/p>\n<p>Cet article <a rel=\"nofollow\" href=\"https:\/\/www.journalducameroun.com\/cameroun-lelectrification-de-687-villages-en-gestation\/\">Cameroun : l\u2019\u00e9lectrification de 687 villages en gestation<\/a> est apparu en premier sur <a rel=\"nofollow\" href=\"https:\/\/www.journalducameroun.com\/\">Journal du Cameroun<\/a>.<\/p>\n<\/div>\n<p>Auteur: Emile Zola Nd\u00e9 Tchoussi<br \/>\n<a href=\"https:\/\/www.journalducameroun.com\/cameroun-lelectrification-de-687-villages-en-gestation\/\">Cliquez ici pour lire l&rsquo;article depuis sa source.<\/a><\/p>\n","protected":false},"excerpt":{"rendered":"<p>C\u2019est ce qui ressort de la cinqui\u00e8me session du comit\u00e9 de pilotage consacr\u00e9 \u00e0 ce projet. Une assisse pr\u00e9sid\u00e9e par le ministre Gaston Eloundou Essomba en charge de l\u2019\u00e9nergie le 17 janvier dernier. Que la lumi\u00e8re soit et elle le sera d\u2019ici l\u2019horizon 2025 pour 687 villages au Cameroun. Ces nouveaux branchements \u00e9lectriques auront lieu [&hellip;]<\/p>\n","protected":false},"author":1965,"featured_media":0,"comment_status":"closed","ping_status":"closed","sticky":false,"template":"","format":"standard","meta":{"fifu_image_url":"https:\/\/www.journalducameroun.com\/wp-content\/uploads\/2022\/01\/Installation-poteau-electrique.jpg","fifu_image_alt":"Cameroun : l\u2019\u00e9lectrification de 687 villages en gestation","footnotes":""},"categories":[73,82],"tags":[],"class_list":["post-138846","post","type-post","status-publish","format-standard","hentry","category-actualite","category-cameroun"],"_links":{"self":[{"href":"https:\/\/linitiative.ca\/International\/wp-json\/wp\/v2\/posts\/138846","targetHints":{"allow":["GET"]}}],"collection":[{"href":"https:\/\/linitiative.ca\/International\/wp-json\/wp\/v2\/posts"}],"about":[{"href":"https:\/\/linitiative.ca\/International\/wp-json\/wp\/v2\/types\/post"}],"author":[{"embeddable":true,"href":"https:\/\/linitiative.ca\/International\/wp-json\/wp\/v2\/users\/1965"}],"replies":[{"embeddable":true,"href":"https:\/\/linitiative.ca\/International\/wp-json\/wp\/v2\/comments?post=138846"}],"version-history":[{"count":0,"href":"https:\/\/linitiative.ca\/International\/wp-json\/wp\/v2\/posts\/138846\/revisions"}],"wp:attachment":[{"href":"https:\/\/linitiative.ca\/International\/wp-json\/wp\/v2\/media?parent=138846"}],"wp:term":[{"taxonomy":"category","embeddable":true,"href":"https:\/\/linitiative.ca\/International\/wp-json\/wp\/v2\/categories?post=138846"},{"taxonomy":"post_tag","embeddable":true,"href":"https:\/\/linitiative.ca\/International\/wp-json\/wp\/v2\/tags?post=138846"}],"curies":[{"name":"wp","href":"https:\/\/api.w.org\/{rel}","templated":true}]}}