{"id":138848,"date":"2022-01-18T11:18:03","date_gmt":"2022-01-18T16:18:03","guid":{"rendered":"https:\/\/linitiative.ca\/International\/mauritanie-plusieurs-ministres-maliens-en-visite-a-nouakchott\/"},"modified":"2022-01-18T11:18:03","modified_gmt":"2022-01-18T16:18:03","slug":"mauritanie-plusieurs-ministres-maliens-en-visite-a-nouakchott","status":"publish","type":"post","link":"https:\/\/linitiative.ca\/International\/mauritanie-plusieurs-ministres-maliens-en-visite-a-nouakchott\/","title":{"rendered":"Mauritanie : plusieurs ministres maliens en visite \u00e0 Nouakchott"},"content":{"rendered":"<div>\n<p><img decoding=\"async\" width=\"854\" height=\"480\" src=\"https:\/\/linitiative.ca\/International\/wp-content\/uploads\/sites\/23\/2022\/01\/16425226838075.jpg\" class=\"attachment-post-thumbnail size-post-thumbnail wp-post-image\" alt=\"\" loading=\"lazy\" srcset=\"https:\/\/linitiative.ca\/International\/wp-content\/uploads\/sites\/23\/2022\/01\/16425226838075.jpg 854w, https:\/\/www.journalducameroun.com\/wp-content\/uploads\/2022\/01\/16425226838075-300x169.jpg 300w, https:\/\/www.journalducameroun.com\/wp-content\/uploads\/2022\/01\/16425226838075-768x432.jpg 768w, https:\/\/www.journalducameroun.com\/wp-content\/uploads\/2022\/01\/16425226838075-380x215.jpg 380w, https:\/\/www.journalducameroun.com\/wp-content\/uploads\/2022\/01\/16425226838075-160x90.jpg 160w, https:\/\/www.journalducameroun.com\/wp-content\/uploads\/2022\/01\/16425226838075-240x135.jpg 240w, https:\/\/www.journalducameroun.com\/wp-content\/uploads\/2022\/01\/16425226838075-783x440.jpg 783w, https:\/\/www.journalducameroun.com\/wp-content\/uploads\/2022\/01\/16425226838075-600x337.jpg 600w\" sizes=\"auto, (max-width: 854px) 100vw, 854px\"><\/p>\n<p>Apr\u00e8s la Guin\u00e9e, l&rsquo;importante d\u00e9l\u00e9gation minist\u00e9rielle malienne est en Mauritanie o\u00f9 elle esp\u00e8re trouver une alternative aux sanctions de la Communaut\u00e9 \u00e9conomique des \u00c9tats de l&rsquo;Afrique de l&rsquo;Ouest (C\u00e9d\u00e9ao).Tenter le tout pour le tout pour contourner les sanctions de la C\u00e9d\u00e9ao. C&rsquo;est la mission assign\u00e9e aux ministres maliens des Affaires \u00e9trang\u00e8res, de l&rsquo;Administration territoriale, des Transports, de l&rsquo;\u00c9conomie et du Commerce.<\/p>\n<p>En visite ce mardi \u00e0 Nouakchott, la capitale mauritanienne, les \u00e9missaires du Colonel Assimi Go\u00efta devraient \u00eatre re\u00e7us par le pr\u00e9sident Mohamed Ould Ghazouani. Bamako cherche notamment \u00e0 faire transiter une partie de son fret par ce pays frontalier non membre de la C\u00e9d\u00e9ao.<\/p>\n<p>Avant de se rendre en Mauritanie, le ministre des Affaires \u00e9trang\u00e8res, Abdoulaye Diop, et ses coll\u00e8gues \u00e9taient hier \u00e0 Conakry. Dans la capitale guin\u00e9enne, ils ont \u00e9t\u00e9 re\u00e7us par les autorit\u00e9s de la transition.<\/p>\n<p>La Guin\u00e9e, \u00e9galement suspendue des instances de l&rsquo;organisation sous r\u00e9gionale apr\u00e8s le putsch militaire du 5 septembre 2021, a indiqu\u00e9 que ses fronti\u00e8res restaient ouvertes \u00e0 tous les pays fr\u00e8res y compris le Mali. Conakry justifie sa position par le fait de n&rsquo;avoir pas \u00e9t\u00e9 associ\u00e9e aux d\u00e9cisions prises contre Bamako.<\/p>\n<p>\u00c0 l&rsquo;issue des entretiens, Abdoulaye Diop a d\u00e9clar\u00e9 \u00eatre porteur d&rsquo;un message du colonel Assimi Go\u00efta, au pr\u00e9sident de la transition, le colonel Mamadi Doumbouya. M. Diop a \u00e9galement salu\u00e9 la \u00ab solidarit\u00e9 qui a \u00e9t\u00e9 r\u00e9it\u00e9r\u00e9e \u00e0 l&rsquo;endroit du Mali \u00bb, esp\u00e9rant avoir la m\u00eame oreille attentive du c\u00f4t\u00e9 de Nouakchott.<\/p>\n<p>Cet article <a rel=\"nofollow\" href=\"https:\/\/www.journalducameroun.com\/mauritanie-plusieurs-ministres-maliens-en-visite-a-nouakchott\/\">Mauritanie : plusieurs ministres maliens en visite \u00e0 Nouakchott<\/a> est apparu en premier sur <a rel=\"nofollow\" href=\"https:\/\/www.journalducameroun.com\/\">Journal du Cameroun<\/a>.<\/p>\n<\/div>\n<p>Auteur: APA News<br \/>\n<a href=\"https:\/\/www.journalducameroun.com\/mauritanie-plusieurs-ministres-maliens-en-visite-a-nouakchott\/\">Cliquez ici pour lire l&rsquo;article depuis sa source.<\/a><\/p>\n","protected":false},"excerpt":{"rendered":"<p>Apr\u00e8s la Guin\u00e9e, l&rsquo;importante d\u00e9l\u00e9gation minist\u00e9rielle malienne est en Mauritanie o\u00f9 elle esp\u00e8re trouver une alternative aux sanctions de la Communaut\u00e9 \u00e9conomique des \u00c9tats de l&rsquo;Afrique de l&rsquo;Ouest (C\u00e9d\u00e9ao).Tenter le tout pour le tout pour contourner les sanctions de la C\u00e9d\u00e9ao. C&rsquo;est la mission assign\u00e9e aux ministres maliens des Affaires \u00e9trang\u00e8res, de l&rsquo;Administration territoriale, des [&hellip;]<\/p>\n","protected":false},"author":1965,"featured_media":0,"comment_status":"closed","ping_status":"closed","sticky":false,"template":"","format":"standard","meta":{"fifu_image_url":"https:\/\/www.journalducameroun.com\/wp-content\/uploads\/2022\/01\/16425226838075.jpg","fifu_image_alt":"Mauritanie : plusieurs ministres maliens en visite \u00e0 Nouakchott","footnotes":""},"categories":[73,82],"tags":[],"class_list":["post-138848","post","type-post","status-publish","format-standard","hentry","category-actualite","category-cameroun"],"_links":{"self":[{"href":"https:\/\/linitiative.ca\/International\/wp-json\/wp\/v2\/posts\/138848","targetHints":{"allow":["GET"]}}],"collection":[{"href":"https:\/\/linitiative.ca\/International\/wp-json\/wp\/v2\/posts"}],"about":[{"href":"https:\/\/linitiative.ca\/International\/wp-json\/wp\/v2\/types\/post"}],"author":[{"embeddable":true,"href":"https:\/\/linitiative.ca\/International\/wp-json\/wp\/v2\/users\/1965"}],"replies":[{"embeddable":true,"href":"https:\/\/linitiative.ca\/International\/wp-json\/wp\/v2\/comments?post=138848"}],"version-history":[{"count":0,"href":"https:\/\/linitiative.ca\/International\/wp-json\/wp\/v2\/posts\/138848\/revisions"}],"wp:attachment":[{"href":"https:\/\/linitiative.ca\/International\/wp-json\/wp\/v2\/media?parent=138848"}],"wp:term":[{"taxonomy":"category","embeddable":true,"href":"https:\/\/linitiative.ca\/International\/wp-json\/wp\/v2\/categories?post=138848"},{"taxonomy":"post_tag","embeddable":true,"href":"https:\/\/linitiative.ca\/International\/wp-json\/wp\/v2\/tags?post=138848"}],"curies":[{"name":"wp","href":"https:\/\/api.w.org\/{rel}","templated":true}]}}