{"id":138850,"date":"2022-01-18T13:37:09","date_gmt":"2022-01-18T18:37:09","guid":{"rendered":"https:\/\/linitiative.ca\/International\/sommet-cemac-le-premier-ministre-represente-le-cameroun\/"},"modified":"2022-01-18T13:37:09","modified_gmt":"2022-01-18T18:37:09","slug":"sommet-cemac-le-premier-ministre-represente-le-cameroun","status":"publish","type":"post","link":"https:\/\/linitiative.ca\/International\/sommet-cemac-le-premier-ministre-represente-le-cameroun\/","title":{"rendered":"Sommet CEMAC : le Premier ministre repr\u00e9sente le Cameroun"},"content":{"rendered":"<div>\n<p><img decoding=\"async\" width=\"800\" height=\"445\" src=\"https:\/\/linitiative.ca\/International\/wp-content\/uploads\/sites\/23\/2022\/01\/Sommet-CEMAC-par-visioconference.jpeg\" class=\"attachment-post-thumbnail size-post-thumbnail wp-post-image\" alt=\"\" loading=\"lazy\" srcset=\"https:\/\/linitiative.ca\/International\/wp-content\/uploads\/sites\/23\/2022\/01\/Sommet-CEMAC-par-visioconference.jpeg 800w, https:\/\/www.journalducameroun.com\/wp-content\/uploads\/2022\/01\/Sommet-CEMAC-par-visioconference-300x167.jpeg 300w, https:\/\/www.journalducameroun.com\/wp-content\/uploads\/2022\/01\/Sommet-CEMAC-par-visioconference-768x427.jpeg 768w, https:\/\/www.journalducameroun.com\/wp-content\/uploads\/2022\/01\/Sommet-CEMAC-par-visioconference-160x90.jpeg 160w, https:\/\/www.journalducameroun.com\/wp-content\/uploads\/2022\/01\/Sommet-CEMAC-par-visioconference-240x135.jpeg 240w, https:\/\/www.journalducameroun.com\/wp-content\/uploads\/2022\/01\/Sommet-CEMAC-par-visioconference-791x440.jpeg 791w, https:\/\/www.journalducameroun.com\/wp-content\/uploads\/2022\/01\/Sommet-CEMAC-par-visioconference-600x334.jpeg 600w\" sizes=\"auto, (max-width: 800px) 100vw, 800px\"><\/p>\n<h2 style=\"text-align: justify;\"><strong>Sur instruction du pr\u00e9sident de la R\u00e9publique, Joseph Dion Ngute prend part au 20<sup>\u00e8me<\/sup> sommet des chefs d\u2019Etats et de gouvernements de la sous-r\u00e9gion mon\u00e9taire qui se tient \u00e0 Brazzaville. <\/strong><\/h2>\n<p style=\"text-align: justify;\">Apr\u00e8s le <strong>Cameroun<\/strong>, c\u2019est au <strong>Congo<\/strong> d\u2019accueillir le sommet de la <strong>Communaut\u00e9 \u00e9conomique et mon\u00e9taire d\u2019Afrique centrale,<\/strong> Cemac. Une session des chefs d\u2019Etats et de gouvernements des pays membres. Contrairement \u00e0 l\u2019ann\u00e9e derni\u00e8re, o\u00f9 c\u2019\u00e9tait par visio-conf\u00e9rence, cette ann\u00e9e, elle est en mode pr\u00e9sentielle.<\/p>\n<p style=\"text-align: justify;\">Et pour repr\u00e9senter le Cameroun, le pr\u00e9sident <strong>Paul Biya<\/strong> a d\u00e9l\u00e9gu\u00e9 le Premier ministre, <strong>Joseph Dion Ngute<\/strong>. Le chef du gouvernement camerounais a foul\u00e9 le sol congolais cet apr\u00e8s-midi. Il a \u00e9t\u00e9 accueilli par le ministre camerounais des Relations ext\u00e9rieures, Lejeune Mbella Mbella accompagn\u00e9 du ministre d\u00e9l\u00e9gu\u00e9 aupr\u00e8s du ministre en charge de l\u2019Economie, <strong>Paul Tasong<\/strong> et l\u2019ambassadeur du Cameroun au Congo, <strong>Lazare Mpouel Mballa<\/strong>.<\/p>\n<p style=\"text-align: justify;\">Le sommet qui s\u2019ouvre demain, 19 janvier 2022 va principalement s\u2019accentuer autour du processus d\u2019int\u00e9gration sous r\u00e9gionale et les facteurs qui favorisent ce dernier. Un engagement qui avait d\u00e9j\u00e0 \u00e9t\u00e9 pris lors du dernier sommet en 2021.<\/p>\n<p style=\"text-align: justify;\">Les chefs d\u2019Etat avaient alors \u00e9t\u00e9 encourag\u00e9s \u00e0 \u0153uvrer \u00e0 la consolidation de la libre circulation des personnes et des biens, la construction des infrastructures r\u00e9gionales et la mise en \u0153uvre des <strong>11 projets int\u00e9grateurs<\/strong> de la Cemac dans le cadre de son programme \u00e9conomique r\u00e9gionale.<\/p>\n<p>\u00a0<\/p>\n<p>Cet article <a rel=\"nofollow\" href=\"https:\/\/www.journalducameroun.com\/sommet-cemac-le-premier-ministre-represente-le-cameroun\/\">Sommet CEMAC : le Premier ministre repr\u00e9sente le Cameroun<\/a> est apparu en premier sur <a rel=\"nofollow\" href=\"https:\/\/www.journalducameroun.com\/\">Journal du Cameroun<\/a>.<\/p>\n<\/div>\n<p>Auteur: Emile Zola Nd\u00e9 Tchoussi<br \/>\n<a href=\"https:\/\/www.journalducameroun.com\/sommet-cemac-le-premier-ministre-represente-le-cameroun\/\">Cliquez ici pour lire l&rsquo;article depuis sa source.<\/a><\/p>\n","protected":false},"excerpt":{"rendered":"<p>Sur instruction du pr\u00e9sident de la R\u00e9publique, Joseph Dion Ngute prend part au 20\u00e8me sommet des chefs d\u2019Etats et de gouvernements de la sous-r\u00e9gion mon\u00e9taire qui se tient \u00e0 Brazzaville. Apr\u00e8s le Cameroun, c\u2019est au Congo d\u2019accueillir le sommet de la Communaut\u00e9 \u00e9conomique et mon\u00e9taire d\u2019Afrique centrale, Cemac. Une session des chefs d\u2019Etats et de [&hellip;]<\/p>\n","protected":false},"author":1965,"featured_media":0,"comment_status":"closed","ping_status":"closed","sticky":false,"template":"","format":"standard","meta":{"fifu_image_url":"https:\/\/www.journalducameroun.com\/wp-content\/uploads\/2022\/01\/Sommet-CEMAC-par-visioconference.jpeg","fifu_image_alt":"Sommet CEMAC : le Premier ministre repr\u00e9sente le Cameroun","footnotes":""},"categories":[73,82],"tags":[],"class_list":["post-138850","post","type-post","status-publish","format-standard","hentry","category-actualite","category-cameroun"],"_links":{"self":[{"href":"https:\/\/linitiative.ca\/International\/wp-json\/wp\/v2\/posts\/138850","targetHints":{"allow":["GET"]}}],"collection":[{"href":"https:\/\/linitiative.ca\/International\/wp-json\/wp\/v2\/posts"}],"about":[{"href":"https:\/\/linitiative.ca\/International\/wp-json\/wp\/v2\/types\/post"}],"author":[{"embeddable":true,"href":"https:\/\/linitiative.ca\/International\/wp-json\/wp\/v2\/users\/1965"}],"replies":[{"embeddable":true,"href":"https:\/\/linitiative.ca\/International\/wp-json\/wp\/v2\/comments?post=138850"}],"version-history":[{"count":0,"href":"https:\/\/linitiative.ca\/International\/wp-json\/wp\/v2\/posts\/138850\/revisions"}],"wp:attachment":[{"href":"https:\/\/linitiative.ca\/International\/wp-json\/wp\/v2\/media?parent=138850"}],"wp:term":[{"taxonomy":"category","embeddable":true,"href":"https:\/\/linitiative.ca\/International\/wp-json\/wp\/v2\/categories?post=138850"},{"taxonomy":"post_tag","embeddable":true,"href":"https:\/\/linitiative.ca\/International\/wp-json\/wp\/v2\/tags?post=138850"}],"curies":[{"name":"wp","href":"https:\/\/api.w.org\/{rel}","templated":true}]}}