{"id":138852,"date":"2022-01-18T15:18:03","date_gmt":"2022-01-18T20:18:03","guid":{"rendered":"https:\/\/linitiative.ca\/International\/formation-continue-57-journalistes-ivoiriens-admis-a-sinscrire-a-luniversite-fhb\/"},"modified":"2022-01-18T15:18:03","modified_gmt":"2022-01-18T20:18:03","slug":"formation-continue-57-journalistes-ivoiriens-admis-a-sinscrire-a-luniversite-fhb","status":"publish","type":"post","link":"https:\/\/linitiative.ca\/International\/formation-continue-57-journalistes-ivoiriens-admis-a-sinscrire-a-luniversite-fhb\/","title":{"rendered":"Formation continue: 57 journalistes ivoiriens admis \u00e0 s\u2019inscrire \u00e0 l\u2019Universit\u00e9 FHB"},"content":{"rendered":"<div>\n<p><img decoding=\"async\" width=\"800\" height=\"533\" src=\"https:\/\/linitiative.ca\/International\/wp-content\/uploads\/sites\/23\/2022\/01\/16425370839880.jpg\" class=\"attachment-post-thumbnail size-post-thumbnail wp-post-image\" alt=\"\" loading=\"lazy\" srcset=\"https:\/\/linitiative.ca\/International\/wp-content\/uploads\/sites\/23\/2022\/01\/16425370839880.jpg 800w, https:\/\/www.journalducameroun.com\/wp-content\/uploads\/2022\/01\/16425370839880-300x200.jpg 300w, https:\/\/www.journalducameroun.com\/wp-content\/uploads\/2022\/01\/16425370839880-768x512.jpg 768w, https:\/\/www.journalducameroun.com\/wp-content\/uploads\/2022\/01\/16425370839880-660x440.jpg 660w, https:\/\/www.journalducameroun.com\/wp-content\/uploads\/2022\/01\/16425370839880-600x400.jpg 600w\" sizes=\"auto, (max-width: 800px) 100vw, 800px\"><\/p>\n<p>Cinquante-sept journalistes ivoiriens ont \u00e9t\u00e9 admis \u00e0 s&rsquo;inscrire au D\u00e9partement de la communication et des arts de l&rsquo;Universit\u00e9 Houphou\u00ebt-Boigny d&rsquo;Abidjan, dans le cadre d&rsquo;une convention entre l&rsquo;\u00e9tablissement et l&rsquo;Unjci, la fa\u00eeti\u00e8re de la presse ivoirienne.<\/p>\n<p>La liste des journalistes retenus, pour l&rsquo;ann\u00e9e acad\u00e9mique 2021-2022, a \u00e9t\u00e9 remise mardi par le professeur titulaire Aghi Bahi, responsable de l&rsquo;UFR de l&rsquo;Information, de la communication et des arts (UFRICA), dans les locaux du CAMPC \u00e0 l&rsquo;Universit\u00e9 F\u00e9lix Houphou\u00ebt-Boigny d&rsquo;Abidjan.\u00a0<\/p>\n<p>Selon le professeur Aghi Bahi, sur 99 dossiers de journalistes re\u00e7us, 57 ont \u00e9t\u00e9 retenus. Parmi ces 57 dossiers, deux sont propos\u00e9s au doctorat, 43 pour le Master 1 et Master 2, et 12 pour la licence.\u00a0<\/p>\n<p>Le vice doyen, Modeste Goran, a indiqu\u00e9 que ceux qui n&rsquo;ont pas \u00e9t\u00e9 retenus, notamment pour \u00ab\u00a0insuffisance\u00a0\u00bb au niveau du dossier, pourront s&rsquo;inscrire pour l&rsquo;ann\u00e9e acad\u00e9mique 2022-2023. Leurs dossiers ont \u00e9t\u00e9 recal\u00e9s pour n&rsquo;avoir pas pu produire le duplicata du BAC.\u00a0<\/p>\n<p>M. Goran a relev\u00e9 que les journalistes admis \u00e0 s&rsquo;inscrire dans les D\u00e9partements des arts et de la communication, ont jusqu&rsquo;au 31 janvier 2022 pour s&rsquo;inscrire. Au terme de cette \u00e9tape, ils pourront suivre les cours qui se d\u00e9roulement \u00e0 la Maison de la presse, en pr\u00e9sidentiel et en ligne.\u00a0<\/p>\n<p>R\u00e9ceptionnant la liste des journalistes retenus, le pr\u00e9sident de l&rsquo;Union nationale des journalistes de C\u00f4te d&rsquo;Ivoire (Unjci), Jean-Claude Coulibaly, a soulign\u00e9 que \u00ab\u00a0\u00e7a sera une formation adapt\u00e9e\u00a0\u00bb compte tenu des activit\u00e9s des journalistes.\u00a0<\/p>\n<p>Pour lui, c&rsquo;est \u00ab\u00a0une chance\u00a0\u00bb permettant \u00e0 ces journalistes de renforcer leurs capacit\u00e9s et de se rendre plus comp\u00e9titifs sur le march\u00e9 du travail. Il a fait savoir que les frais de scolarit\u00e9 sont \u00e0 des \u00ab\u00a0tarifs pr\u00e9f\u00e9rentiels\u00a0\u00bb dans le cadre de cette convention. \u00a0<\/p>\n<p>\u00ab\u00a0Il s&rsquo;agit d&rsquo;oeuvrer ensemble pour un journaliste de qualit\u00e9\u00a0\u00bb, a d\u00e9clar\u00e9 le professeur titulaire Aghi Bahi, faisant observer que l&rsquo;un des probl\u00e8mes du milieu de la presse est la question de la formation.\u00a0<\/p>\n<p>L&rsquo;UFRICA est une \u00e9cole autonome d\u00e9nomm\u00e9e \u00ab\u00a0CERCOM (Centre d&rsquo;\u00e9tudes et de recherches en communication)\u00a0\u00bb qui comprend quatre fili\u00e8res: \u00a0journalisme; communication pour le d\u00e9veloppement; communication politique et des organisations; publicit\u00e9 et marketing.\u00a0<\/p>\n<p>La Convention entre l&rsquo;Unjci et l&rsquo;Universit\u00e9 F\u00e9lix Houphou\u00ebt-Boigny d&rsquo;Abidjan, la plus grande du pays, a \u00e9t\u00e9 sign\u00e9e en avril 2020 et relanc\u00e9e en mai 2021. Apr\u00e8s des discussions pour sa mise en oeuvre, elle prend effet maintenant. \u00a0<\/p>\n<p>Cet article <a rel=\"nofollow\" href=\"https:\/\/www.journalducameroun.com\/formation-continue-57-journalistes-ivoiriens-admis-a-sinscrire-a-luniversite-fhb\/\">Formation continue: 57 journalistes ivoiriens admis \u00e0 s\u2019inscrire \u00e0 l\u2019Universit\u00e9 FHB<\/a> est apparu en premier sur <a rel=\"nofollow\" href=\"https:\/\/www.journalducameroun.com\/\">Journal du Cameroun<\/a>.<\/p>\n<\/div>\n<p>Auteur: APA News<br \/>\n<a href=\"https:\/\/www.journalducameroun.com\/formation-continue-57-journalistes-ivoiriens-admis-a-sinscrire-a-luniversite-fhb\/\">Cliquez ici pour lire l&rsquo;article depuis sa source.<\/a><\/p>\n","protected":false},"excerpt":{"rendered":"<p>Cinquante-sept journalistes ivoiriens ont \u00e9t\u00e9 admis \u00e0 s&rsquo;inscrire au D\u00e9partement de la communication et des arts de l&rsquo;Universit\u00e9 Houphou\u00ebt-Boigny d&rsquo;Abidjan, dans le cadre d&rsquo;une convention entre l&rsquo;\u00e9tablissement et l&rsquo;Unjci, la fa\u00eeti\u00e8re de la presse ivoirienne. La liste des journalistes retenus, pour l&rsquo;ann\u00e9e acad\u00e9mique 2021-2022, a \u00e9t\u00e9 remise mardi par le professeur titulaire Aghi Bahi, responsable [&hellip;]<\/p>\n","protected":false},"author":1965,"featured_media":0,"comment_status":"closed","ping_status":"closed","sticky":false,"template":"","format":"standard","meta":{"fifu_image_url":"https:\/\/www.journalducameroun.com\/wp-content\/uploads\/2022\/01\/16425370839880.jpg","fifu_image_alt":"Formation continue: 57 journalistes ivoiriens admis \u00e0 s\u2019inscrire \u00e0 l\u2019Universit\u00e9 FHB","footnotes":""},"categories":[73,82],"tags":[],"class_list":["post-138852","post","type-post","status-publish","format-standard","hentry","category-actualite","category-cameroun"],"_links":{"self":[{"href":"https:\/\/linitiative.ca\/International\/wp-json\/wp\/v2\/posts\/138852","targetHints":{"allow":["GET"]}}],"collection":[{"href":"https:\/\/linitiative.ca\/International\/wp-json\/wp\/v2\/posts"}],"about":[{"href":"https:\/\/linitiative.ca\/International\/wp-json\/wp\/v2\/types\/post"}],"author":[{"embeddable":true,"href":"https:\/\/linitiative.ca\/International\/wp-json\/wp\/v2\/users\/1965"}],"replies":[{"embeddable":true,"href":"https:\/\/linitiative.ca\/International\/wp-json\/wp\/v2\/comments?post=138852"}],"version-history":[{"count":0,"href":"https:\/\/linitiative.ca\/International\/wp-json\/wp\/v2\/posts\/138852\/revisions"}],"wp:attachment":[{"href":"https:\/\/linitiative.ca\/International\/wp-json\/wp\/v2\/media?parent=138852"}],"wp:term":[{"taxonomy":"category","embeddable":true,"href":"https:\/\/linitiative.ca\/International\/wp-json\/wp\/v2\/categories?post=138852"},{"taxonomy":"post_tag","embeddable":true,"href":"https:\/\/linitiative.ca\/International\/wp-json\/wp\/v2\/tags?post=138852"}],"curies":[{"name":"wp","href":"https:\/\/api.w.org\/{rel}","templated":true}]}}