{"id":138854,"date":"2022-01-18T16:18:03","date_gmt":"2022-01-18T21:18:03","guid":{"rendered":"https:\/\/linitiative.ca\/International\/cote-divoire-la-fondation-djigui-celebre-ses-20-ans-le-8-fevrier-2022\/"},"modified":"2022-01-18T16:18:03","modified_gmt":"2022-01-18T21:18:03","slug":"cote-divoire-la-fondation-djigui-celebre-ses-20-ans-le-8-fevrier-2022","status":"publish","type":"post","link":"https:\/\/linitiative.ca\/International\/cote-divoire-la-fondation-djigui-celebre-ses-20-ans-le-8-fevrier-2022\/","title":{"rendered":"C\u00f4te d\u2019Ivoire: la Fondation Djigui c\u00e9l\u00e8bre ses 20 ans le 8 f\u00e9vrier 2022"},"content":{"rendered":"<div>\n<p><img decoding=\"async\" width=\"800\" height=\"533\" src=\"https:\/\/linitiative.ca\/International\/wp-content\/uploads\/sites\/23\/2022\/01\/16425406831250.jpg\" class=\"attachment-post-thumbnail size-post-thumbnail wp-post-image\" alt=\"\" loading=\"lazy\" srcset=\"https:\/\/linitiative.ca\/International\/wp-content\/uploads\/sites\/23\/2022\/01\/16425406831250.jpg 800w, https:\/\/www.journalducameroun.com\/wp-content\/uploads\/2022\/01\/16425406831250-300x200.jpg 300w, https:\/\/www.journalducameroun.com\/wp-content\/uploads\/2022\/01\/16425406831250-768x512.jpg 768w, https:\/\/www.journalducameroun.com\/wp-content\/uploads\/2022\/01\/16425406831250-660x440.jpg 660w, https:\/\/www.journalducameroun.com\/wp-content\/uploads\/2022\/01\/16425406831250-600x400.jpg 600w\" sizes=\"auto, (max-width: 800px) 100vw, 800px\"><\/p>\n<p>La Fondation Djigui la grande esp\u00e9rance c\u00e9l\u00e8bre le 8 f\u00e9vrier 2022 ses 20 ans d&rsquo;existence, sous le parrainage de la Premi\u00e8re dame de C\u00f4te d&rsquo;Ivoire, Mme Dominique Ouattara, a annonc\u00e9 mardi son directeur ex\u00e9cutif, Sibiri Coulibaly, face \u00e0 la presse.<\/p>\n<p>\u00ab\u00a0Vingt ans, c&rsquo;est riche d&rsquo;\u00e9motions et de sensations\u00a0\u00bb, c&rsquo;est pourquoi la Fondation veut marquer un arr\u00eat pour \u00ab\u00a0r\u00e9fl\u00e9chir\u00a0\u00bb sur son parcours et envisager l&rsquo;avenir, a justifi\u00e9 M. Sibiri Coulibaly, lors d&rsquo;une conf\u00e9rence de presse.<\/p>\n<p>Face aux cam\u00e9ras, au si\u00e8ge de la Fondation \u00e0 Marcory R\u00e9sidentiel, dans le Sud d&rsquo;Abidjan, M. Sibiri Coulibaly a pr\u00e9cis\u00e9 que la c\u00e9r\u00e9monie d&rsquo;ouverture qui se tiendra en pr\u00e9sence de la Premi\u00e8re dame, sera marqu\u00e9e par un panel de haut niveau.<\/p>\n<p>Ce panel se d\u00e9roulera autour du th\u00e8me \u00ab\u00a0R\u00e9silience des organisations de protection des populations vuln\u00e9rables dans un contexte de crises\u00a0\u00bb. Ensuite, le vendredi 11 f\u00e9vrier 2022, se tiendra un d\u00eener de reconnaissance.\u00a0<\/p>\n<p>Au cours des festivit\u00e9s, auront lieu des t\u00e9moignages de personnes ayant b\u00e9n\u00e9fici\u00e9 de prises en charge depuis leur enfance et qui aujourd&rsquo;hui ont acc\u00e9d\u00e9 \u00e0 un emploi. Et ce gr\u00e2ce au programme d&rsquo;assistance de la Fondation.<\/p>\n<p>Cr\u00e9\u00e9e le 4 d\u00e9cembre 2001, la Fondation Djigui la grande esp\u00e9rance est une organisation non gouvernementale \u00e0 caract\u00e8re social qui vise essentiellement \u00e0 contribuer \u00e0 l&rsquo;am\u00e9lioration du bien-\u00eatre des populations.<\/p>\n<p>Selon M. Sibiri Coulibaly, elle a pour mission d&rsquo;assister et de servir les personnes, les familles, les communaut\u00e9s en difficult\u00e9s. Et, cette mission se fait par la sensibilisation, l&rsquo;\u00e9ducation, la formation et la mobilisation de ressources.<\/p>\n<p>Depuis sa cr\u00e9ation, la Fondation a mobilis\u00e9 quelque 500 millions de Fcfa pour soutenir plusieurs causes, au profit de 1,5 million de b\u00e9n\u00e9ficiaires directs et indirects. Pour atteindre cet objectif, elle a install\u00e9 des bureaux \u00e0 l&rsquo;Int\u00e9rieur du pays.<\/p>\n<p>La Fondation Djigui a trois piliers, \u00e0 savoir la foi, la solidarit\u00e9 et le d\u00e9veloppement. Ses programmes porte sur la sant\u00e9 (Vih-sida), la protection (violences bas\u00e9es sur le genre), la solidarit\u00e9 et la paix, la coh\u00e9sion sociale, l&rsquo;\u00e9ducation et la famille.<\/p>\n<p>Dans le cadre de ses pr\u00e9rogatives de paix, la Fondation a, en tant qu&rsquo;observateur, supervis\u00e9 l&rsquo;\u00e9lection pr\u00e9sidentielle ivoirienne du 31 octobre 2020, \u00e0 l&rsquo;issue de laquelle elle a transmis son rapport \u00e0 la commission \u00e9lectorale.\u00a0<\/p>\n<p>La Fondation Djigui la grande esp\u00e9rance est engag\u00e9e dans toutes les questions touchant \u00e0 la stabilit\u00e9 physique, morale des populations et de la nation. Ces festivit\u00e9s lui permettront de d\u00e9cupler ses forces pour apporter plus de bonheurs aux siens.\u00a0<\/p>\n<p>Cet article <a rel=\"nofollow\" href=\"https:\/\/www.journalducameroun.com\/cote-divoire-la-fondation-djigui-celebre-ses-20-ans-le-8-fevrier-2022\/\">C\u00f4te d\u2019Ivoire: la Fondation Djigui c\u00e9l\u00e8bre ses 20 ans le 8 f\u00e9vrier 2022<\/a> est apparu en premier sur <a rel=\"nofollow\" href=\"https:\/\/www.journalducameroun.com\/\">Journal du Cameroun<\/a>.<\/p>\n<\/div>\n<p>Auteur: APA News<br \/>\n<a href=\"https:\/\/www.journalducameroun.com\/cote-divoire-la-fondation-djigui-celebre-ses-20-ans-le-8-fevrier-2022\/\">Cliquez ici pour lire l&rsquo;article depuis sa source.<\/a><\/p>\n","protected":false},"excerpt":{"rendered":"<p>La Fondation Djigui la grande esp\u00e9rance c\u00e9l\u00e8bre le 8 f\u00e9vrier 2022 ses 20 ans d&rsquo;existence, sous le parrainage de la Premi\u00e8re dame de C\u00f4te d&rsquo;Ivoire, Mme Dominique Ouattara, a annonc\u00e9 mardi son directeur ex\u00e9cutif, Sibiri Coulibaly, face \u00e0 la presse. \u00ab\u00a0Vingt ans, c&rsquo;est riche d&rsquo;\u00e9motions et de sensations\u00a0\u00bb, c&rsquo;est pourquoi la Fondation veut marquer un [&hellip;]<\/p>\n","protected":false},"author":1965,"featured_media":0,"comment_status":"closed","ping_status":"closed","sticky":false,"template":"","format":"standard","meta":{"fifu_image_url":"https:\/\/www.journalducameroun.com\/wp-content\/uploads\/2022\/01\/16425406831250.jpg","fifu_image_alt":"C\u00f4te d\u2019Ivoire: la Fondation Djigui c\u00e9l\u00e8bre ses 20 ans le 8 f\u00e9vrier 2022","footnotes":""},"categories":[73,82],"tags":[],"class_list":["post-138854","post","type-post","status-publish","format-standard","hentry","category-actualite","category-cameroun"],"_links":{"self":[{"href":"https:\/\/linitiative.ca\/International\/wp-json\/wp\/v2\/posts\/138854","targetHints":{"allow":["GET"]}}],"collection":[{"href":"https:\/\/linitiative.ca\/International\/wp-json\/wp\/v2\/posts"}],"about":[{"href":"https:\/\/linitiative.ca\/International\/wp-json\/wp\/v2\/types\/post"}],"author":[{"embeddable":true,"href":"https:\/\/linitiative.ca\/International\/wp-json\/wp\/v2\/users\/1965"}],"replies":[{"embeddable":true,"href":"https:\/\/linitiative.ca\/International\/wp-json\/wp\/v2\/comments?post=138854"}],"version-history":[{"count":0,"href":"https:\/\/linitiative.ca\/International\/wp-json\/wp\/v2\/posts\/138854\/revisions"}],"wp:attachment":[{"href":"https:\/\/linitiative.ca\/International\/wp-json\/wp\/v2\/media?parent=138854"}],"wp:term":[{"taxonomy":"category","embeddable":true,"href":"https:\/\/linitiative.ca\/International\/wp-json\/wp\/v2\/categories?post=138854"},{"taxonomy":"post_tag","embeddable":true,"href":"https:\/\/linitiative.ca\/International\/wp-json\/wp\/v2\/tags?post=138854"}],"curies":[{"name":"wp","href":"https:\/\/api.w.org\/{rel}","templated":true}]}}