{"id":138856,"date":"2022-01-18T10:05:05","date_gmt":"2022-01-18T15:05:05","guid":{"rendered":"https:\/\/linitiative.ca\/International\/malgre-la-reprise-de-ses-activites-la-cdc-affiche-une-perte-colossale-de-18-milliards-de-f-en-2020\/"},"modified":"2022-01-18T10:05:05","modified_gmt":"2022-01-18T15:05:05","slug":"malgre-la-reprise-de-ses-activites-la-cdc-affiche-une-perte-colossale-de-18-milliards-de-f-en-2020","status":"publish","type":"post","link":"https:\/\/linitiative.ca\/International\/malgre-la-reprise-de-ses-activites-la-cdc-affiche-une-perte-colossale-de-18-milliards-de-f-en-2020\/","title":{"rendered":"Malgr\u00e9 la reprise de ses activit\u00e9s, la CDC affiche une perte colossale de 18 milliards de F en 2020"},"content":{"rendered":"<div>\n<p>La situation de la Cameroon Developement corporation (CDC) est loin d\u2019\u00eatre reluisante. L\u2019entreprise agro-industrielle sp\u00e9cialis\u00e9e dans la culture de la banane, l\u2019h\u00e9v\u00e9a et du palmier \u00e0 huile, dans les r\u00e9gions du Sud-Ouest et du Littoral est toujours emp\u00eatr\u00e9e dans de nombreuses difficult\u00e9s \u00e9conomiques d\u00e9coulant de la situation s\u00e9curitaire qui \u00e9branle les r\u00e9gions du Nord-Ouest et du Sud-Ouest depuis 5 ans. Selon le dernier rapport du minist\u00e8re des Finances, plus pr\u00e9cis\u00e9ment de la \u00a0Commission technique de r\u00e9habilitation des entreprises du secteur public et parapublic publi\u00e9 en 2021, la CDC a enregistr\u00e9 des pertes de plus de 18 milliards de F (18,3 milliards) en 2020. Soit une hausse de 1,8%\u00a0 en glissement annuel par rapport \u00e0 2019 ou elles se chiffraient \u00e0 17,9 milliards de F. Pourtant, la m\u00eame ann\u00e9e, ce mastodonte de l\u2019agro-industrie sous-r\u00e9gionale a \u00a0r\u00e9alis\u00e9 un chiffre d\u2019affaires de 8,5 milliards de F. Un r\u00e9sultat net, largement sup\u00e9rieur aux 4,5 milliards de F enregistr\u00e9s en 2019, qui est la r\u00e9sultante, selon le rapport susmentionn\u00e9, de la reprise des exportations de bananes, de la production de caoutchouc et d\u2019huile palme.<\/p>\n<p><strong>Lire aussi <\/strong>: <strong><a href=\"https:\/\/ecomatin.net\/agro-industrie-letat-va-auditer-la-cdc-en-vue-dameliorer-ses-performances\/\">Agro-industrie : l\u2019Etat va auditer la CDC en vue d\u2019am\u00e9liorer ses performances<\/a><\/strong><\/p>\n<p>Bien que encourageantes, ces donn\u00e9es ne refl\u00e8tent pas la situation financi\u00e8re r\u00e9elle de l\u2019entreprise en 2020. Car, si l\u2019on s\u2019en tient aux donn\u00e9es de la CTR, l\u2019augmentation du chiffre d\u2019affaires de la CDC est annihil\u00e9e par son endettement consid\u00e9rable, qui s\u2019\u00e9l\u00e8ve globalement \u00e0 88 milliards de F.\u00a0 Pis encore cette derni\u00e8re est en nette augmentation par rapport \u00e0 2019, notamment\u00a0\u00abla dette sociale (+ 37,48%), dette fournisseurs (+3,36%), dette fiscale (+18,75%), autres dettes (14,32%)\u00bb, peut-on lire dans ce rapport. Toutefois, malgr\u00e9 cette situation critique le top management de la CDC envisage l\u2019avenir sous de meilleurs auspices. \u00abMalgr\u00e9 une reprise plut\u00f4t timide gr\u00e2ce aux efforts \u00a0de s\u00e9curisation de l\u2019Etat, l\u2019avenir de la CDC pourrait se pr\u00e9senter sous de bien meilleurs auspices, gr\u00e2ce au projet de r\u00e9habilitation de 520 hectares de bananeraies dans la r\u00e9gion du Sud-Ouest, la r\u00e9habilitation de ces plantations laiss\u00e9es \u00e0 l\u2019abandon \u00e0 cause de la crise anglophone devrait permettre, \u00e0 br\u00e8ve \u00e9ch\u00e9ance, de booster \u00e0 la fois la production et les exportations de bananes de la CDC. Dans le m\u00eame temps, apr\u00e8s une r\u00e9duction drastique de sa production de caoutchouc et d\u2019huile de palme depuis au moins 3 ans, l\u2019entreprise se pr\u00e9pare \u00e0 construire deux nouvelles unit\u00e9s de transformation. Dans la perspective de la relance de ses activit\u00e9s, il est envisag\u00e9 l\u2019\u00e9laboration d\u2019un Contrat d\u2019Objectifs minimum en 2022, pour un montant de 3 milliards visant principalement la r\u00e9habilitation de 1550 hectares de palmeraies et l\u2019acquisition des \u00e9quipements pour assurer l\u2019entretien et le fonctionnement des huileries\u00bb, lit-on dans le rapport de la CTR.<\/p>\n<p><strong>Lire aussi :<\/strong> <strong><a href=\"https:\/\/ecomatin.net\/climat-social-letat-va-regler-la-facture-salariale-a-la-cdc\/\">Climat social : l\u2019Etat va r\u00e9gler la facture salariale \u00e0 la CDC<\/a><\/strong><\/p>\n<p>L\u2019article <a rel=\"nofollow\" href=\"https:\/\/ecomatin.net\/malgre-la-reprise-de-ses-activites-la-cdc-affiche-une-perte-colossale-de-18-milliards-de-f-en-2020\/\">Malgr\u00e9 la reprise de ses activit\u00e9s, la CDC affiche une perte colossale de 18 milliards de F en 2020<\/a> est apparu en premier sur <a rel=\"nofollow\" href=\"https:\/\/ecomatin.net\/\">EcoMatin<\/a>.<\/p>\n<\/div>\n<p>Auteur: Claude Paul Tjeg<br \/>\n<a href=\"https:\/\/ecomatin.net\/malgre-la-reprise-de-ses-activites-la-cdc-affiche-une-perte-colossale-de-18-milliards-de-f-en-2020\/\">Cliquez ici pour lire l&rsquo;article depuis sa source.<\/a><\/p>\n","protected":false},"excerpt":{"rendered":"<p>La situation de la Cameroon Developement corporation (CDC) est loin d\u2019\u00eatre reluisante. L\u2019entreprise agro-industrielle sp\u00e9cialis\u00e9e dans la culture de la banane, l\u2019h\u00e9v\u00e9a et du palmier \u00e0 huile, dans les r\u00e9gions du Sud-Ouest et du Littoral est toujours emp\u00eatr\u00e9e dans de nombreuses difficult\u00e9s \u00e9conomiques d\u00e9coulant de la situation s\u00e9curitaire qui \u00e9branle les r\u00e9gions du Nord-Ouest et [&hellip;]<\/p>\n","protected":false},"author":1969,"featured_media":0,"comment_status":"closed","ping_status":"closed","sticky":false,"template":"","format":"standard","meta":{"fifu_image_url":"","fifu_image_alt":"","footnotes":""},"categories":[82,78],"tags":[],"class_list":["post-138856","post","type-post","status-publish","format-standard","hentry","category-cameroun","category-economie"],"_links":{"self":[{"href":"https:\/\/linitiative.ca\/International\/wp-json\/wp\/v2\/posts\/138856","targetHints":{"allow":["GET"]}}],"collection":[{"href":"https:\/\/linitiative.ca\/International\/wp-json\/wp\/v2\/posts"}],"about":[{"href":"https:\/\/linitiative.ca\/International\/wp-json\/wp\/v2\/types\/post"}],"author":[{"embeddable":true,"href":"https:\/\/linitiative.ca\/International\/wp-json\/wp\/v2\/users\/1969"}],"replies":[{"embeddable":true,"href":"https:\/\/linitiative.ca\/International\/wp-json\/wp\/v2\/comments?post=138856"}],"version-history":[{"count":0,"href":"https:\/\/linitiative.ca\/International\/wp-json\/wp\/v2\/posts\/138856\/revisions"}],"wp:attachment":[{"href":"https:\/\/linitiative.ca\/International\/wp-json\/wp\/v2\/media?parent=138856"}],"wp:term":[{"taxonomy":"category","embeddable":true,"href":"https:\/\/linitiative.ca\/International\/wp-json\/wp\/v2\/categories?post=138856"},{"taxonomy":"post_tag","embeddable":true,"href":"https:\/\/linitiative.ca\/International\/wp-json\/wp\/v2\/tags?post=138856"}],"curies":[{"name":"wp","href":"https:\/\/api.w.org\/{rel}","templated":true}]}}