{"id":138858,"date":"2022-01-18T11:15:59","date_gmt":"2022-01-18T16:15:59","guid":{"rendered":"https:\/\/linitiative.ca\/International\/titi-camara-jai-toujours-garde-un-beau-souvenir-des-camerounais\/"},"modified":"2022-01-18T11:15:59","modified_gmt":"2022-01-18T16:15:59","slug":"titi-camara-jai-toujours-garde-un-beau-souvenir-des-camerounais","status":"publish","type":"post","link":"https:\/\/linitiative.ca\/International\/titi-camara-jai-toujours-garde-un-beau-souvenir-des-camerounais\/","title":{"rendered":"Titi Camara : \u00ab J\u2019ai toujours gard\u00e9 un beau souvenir des Camerounais \u00bb"},"content":{"rendered":"<div>\n<p><strong>Dites comment se passe le s\u00e9jour au Cameroun ?<\/strong><\/p>\n<p>On \u00e9tait tous curieux de venir au Cameroun. J\u2019ai eu la chance durant ma carri\u00e8re de sportif de croiser des Camerounais. J\u2019ai connu Rigobert Song, Jean-Claude Pagal, Joseph Antoine Bell et Marc Vivien Fo\u00e9 (paix \u00e0 son \u00e2me). J\u2019ai toujours gard\u00e9 un beau souvenir des Camerounais et j\u2019ai aussi la chance de s\u00e9journer deux fois sportivement au Cameroun avec le Syli national. On n\u2019est pas surpris de l\u2019accueil, les installations et tout ce qui suit.<\/p>\n<p><strong>Comment avez-vous trouv\u00e9 le climat \u00e0 Bangou o\u00f9 vous \u00e9tiez log\u00e9 et les mets locaux que vous avez d\u00e9gust\u00e9s ?<\/strong><\/p>\n<p>On a s\u00e9journ\u00e9 \u00e0 l\u2019H\u00f4tel de la paix pendant 10 jours et l\u2019accueil \u00e9tait formidable. Je profite pour remercier le propri\u00e9taire de l\u2019H\u00f4tel et le personnel pour tout : l\u2019hospitalit\u00e9, la nourriture ; on a fait dix jours ici et on repart sur Yaound\u00e9 parce que la Guin\u00e9e doit livrer l\u00e0-bas son 3\u00e8me match contre le Zimbabw\u00e9 en esp\u00e9rant que nous irons en 8\u00e8me de finale pour retourner \u00e0 Bangou parce que c\u2019est une ville formidable.<\/p>\n<p><strong>Comment avez-vous trouv\u00e9 l\u2019\u00e9quipe du Syli jusqu\u2019\u00e0 pr\u00e9sent ?<\/strong><\/p>\n<p>C\u2019est une \u00e9quipe jeune quand on voit la composition, mais lors de la premi\u00e8re sortie du Syli national contre le Malawi, c\u2019est vrai qu\u2019il y avait la pression, il y a aussi l\u2019enjeu de bien d\u00e9marrer ce tournoi. Le second match contre le S\u00e9n\u00e9gal. L\u00e0, que ce soit le staff et le peuple de Guin\u00e9e sont satisfaits de la prestation des joueurs. Maintenant nous attendons qu\u2019ils confirment leur lanc\u00e9e l\u00e0 pour la suite de la comp\u00e9tition.<\/p>\n<p><strong>A quel niveau faut-il r\u00e9ajuster pour voir un Syli national plus fort ?<\/strong><\/p>\n<p>(rire) Nous ne sommes pas du staff. De loin, on peut donner notre avis sur la composition ou les sch\u00e9mas que le s\u00e9lectionneur national a mis en place. Je dirai que pour le moment, tout sourit parce que l\u2019\u00e9quipe n\u2019a pas pris de but et sur les deux sorties, m\u00eame si elle n\u2019est pas convaincante, mais on a vu une \u00e9quipe solide qui jouait en groupe m\u00eame si en 2\u00e8me mi-temps la Guin\u00e9e a eu des difficult\u00e9s contre le S\u00e9n\u00e9gal, mais on s\u2019est cr\u00e9\u00e9 plus d\u2019occasion en phase de construction et malheureusement, le S\u00e9n\u00e9gal nous a souvent mis en difficult\u00e9 sur des coups de pied arr\u00eat\u00e9. Je pense que c\u2019est un bloc d\u2019\u00e9quipe que le s\u00e9lectionneur a mis en place. Je sais que contre le Zimbabw\u00e9, \u00e7a ne sera pas facile, mais il faut les trois points pour passer au second tour.<\/p>\n<p><strong>Pensez-vous que la Guin\u00e9e a les chances d\u2019aller tr\u00e8s loin dans cette comp\u00e9tition ?<\/strong><\/p>\n<p>Moi je suis un peu prudent pour une phase finale. Il faut avoir des ambitions \u00e9tape par \u00e9tape. Il y a des favoris que sont l\u2019Alg\u00e9rie qui est tenante du titre ; le S\u00e9n\u00e9gal, le Cameroun, le Nig\u00e9ria aussi qui a donn\u00e9 une bonne impression. Apr\u00e8s, il y a des outsiders. Je dirai que notre objectif c\u2019est d\u2019abord de passer le premier tour. Apr\u00e8s ce sera une autre comp\u00e9tition qui va commencer parce que ce sera sur un seul match. Ce sera maintenant aux joueurs et au staff de bien r\u00e9cup\u00e9rer pour penser \u00e0 la suite de la comp\u00e9tition.<\/p>\n<p><strong>Ga\u00ebl Tadj<\/strong><\/p>\n<p>L\u2019article <a rel=\"nofollow\" href=\"https:\/\/ecomatin.net\/titi-camara-jai-toujours-garde-un-beau-souvenir-des-camerounais\/\">Titi Camara : \u00ab J\u2019ai toujours gard\u00e9 un beau souvenir des Camerounais \u00bb<\/a> est apparu en premier sur <a rel=\"nofollow\" href=\"https:\/\/ecomatin.net\/\">EcoMatin<\/a>.<\/p>\n<\/div>\n<p>Auteur: EcoMatin<br \/>\n<a href=\"https:\/\/ecomatin.net\/titi-camara-jai-toujours-garde-un-beau-souvenir-des-camerounais\/\">Cliquez ici pour lire l&rsquo;article depuis sa source.<\/a><\/p>\n","protected":false},"excerpt":{"rendered":"<p>Dites comment se passe le s\u00e9jour au Cameroun ? On \u00e9tait tous curieux de venir au Cameroun. J\u2019ai eu la chance durant ma carri\u00e8re de sportif de croiser des Camerounais. J\u2019ai connu Rigobert Song, Jean-Claude Pagal, Joseph Antoine Bell et Marc Vivien Fo\u00e9 (paix \u00e0 son \u00e2me). J\u2019ai toujours gard\u00e9 un beau souvenir des Camerounais [&hellip;]<\/p>\n","protected":false},"author":1969,"featured_media":0,"comment_status":"closed","ping_status":"closed","sticky":false,"template":"","format":"standard","meta":{"fifu_image_url":"","fifu_image_alt":"","footnotes":""},"categories":[82,78],"tags":[],"class_list":["post-138858","post","type-post","status-publish","format-standard","hentry","category-cameroun","category-economie"],"_links":{"self":[{"href":"https:\/\/linitiative.ca\/International\/wp-json\/wp\/v2\/posts\/138858","targetHints":{"allow":["GET"]}}],"collection":[{"href":"https:\/\/linitiative.ca\/International\/wp-json\/wp\/v2\/posts"}],"about":[{"href":"https:\/\/linitiative.ca\/International\/wp-json\/wp\/v2\/types\/post"}],"author":[{"embeddable":true,"href":"https:\/\/linitiative.ca\/International\/wp-json\/wp\/v2\/users\/1969"}],"replies":[{"embeddable":true,"href":"https:\/\/linitiative.ca\/International\/wp-json\/wp\/v2\/comments?post=138858"}],"version-history":[{"count":0,"href":"https:\/\/linitiative.ca\/International\/wp-json\/wp\/v2\/posts\/138858\/revisions"}],"wp:attachment":[{"href":"https:\/\/linitiative.ca\/International\/wp-json\/wp\/v2\/media?parent=138858"}],"wp:term":[{"taxonomy":"category","embeddable":true,"href":"https:\/\/linitiative.ca\/International\/wp-json\/wp\/v2\/categories?post=138858"},{"taxonomy":"post_tag","embeddable":true,"href":"https:\/\/linitiative.ca\/International\/wp-json\/wp\/v2\/tags?post=138858"}],"curies":[{"name":"wp","href":"https:\/\/api.w.org\/{rel}","templated":true}]}}