{"id":138878,"date":"2022-01-18T13:00:00","date_gmt":"2022-01-18T18:00:00","guid":{"rendered":"https:\/\/linitiative.ca\/International\/preserver-leconomie\/"},"modified":"2022-01-18T13:00:00","modified_gmt":"2022-01-18T18:00:00","slug":"preserver-leconomie","status":"publish","type":"post","link":"https:\/\/linitiative.ca\/International\/preserver-leconomie\/","title":{"rendered":"Pr\u00e9server l\u2019\u00e9conomie !"},"content":{"rendered":"<div>\n<p class=\"has-black-color has-text-color\"><strong>Qui croire et qui ne pas croire\u00a0? A entendre les experts en virologie analyser la pand\u00e9mie et r\u00e9v\u00e9ler les bilans hyper oppos\u00e9s, on est plut\u00f4t d\u00e9sabus\u00e9 voire d\u00e9sempar\u00e9 face au dilemme. Nous qui sommes \u00abn\u00e9ophytes\u00bbdans ce genre d\u2019exercice o\u00f9 se m\u00ealent la science et le profit. Certains s\u2019exultent que le vaccin est l\u2019unique arme contre le Covid, d\u2019autres r\u00e9torquent que ce rem\u00e8de tue l\u2019immunit\u00e9 naturelle\u00a0!Les uns et les autres s\u2019appuient sur ce qu\u2019ils estiment prouv\u00e9 dans leurs th\u00e9ories scientifiques.Il est bien clair que cet imbroglio dans lequel on se retrouve d\u00e9tremp\u00e9, s\u00e8me le d\u00e9sarroi dans les milieux sociaux. Il n\u2019en demeurera pas moins vrai que l\u2019on n\u2019en finira pas avec ces variants qui poussent comme des champignons et ces pol\u00e9miques interminables qui alimentent les d\u00e9bats quotidiens. A l\u2019instar de tout les pays du monde, le n\u00f4tre se soumet in\u00e9vitablement \u00e0 cet embrouillamini qui r\u00e8gne un peu partout dans l\u2019engrenage de la soci\u00e9t\u00e9. Souvent pris par l\u2019angoisse collective, les pouvoirs publics se montrent draconiens \u00e0 l\u2019\u00e9gard des citoyens en effroi, par des mesures jug\u00e9es en rupture avec leur gagne-pain et \u00e0 l\u2019encontre de la vie \u00e9conomique du pays. Aujourd\u2019hui encore, on s\u2019affronte \u00e0 la derni\u00e8re esp\u00e8ce virale qu\u2019on a appel\u00e9e\u00ab\u00a0Omicron\u00a0\u00bb dont on craint dit-on, la rapidit\u00e9 de propagation quoiqu\u2019on en r\u00e9duise la virulence et, de ce fait, la dangerosit\u00e9 par rapport \u00e0 ses pr\u00e9d\u00e9cesseurs.D\u00e8s le d\u00e9but de son apparition, apr\u00e8s une accalmie virale, on s\u2019est donc attel\u00e9 \u00e0 s\u2019y opposer, \u00e0 travers les campagnes de pr\u00e9vention et de vaccination \u00e0 outrance aussi bien en milieu rural qu\u2019urbain. De m\u00eame,l\u2019Etat verrouille les fronti\u00e8res et se focalise sur l\u2019aspect purement sanitaire, tout en mettant en p\u00e9ril l\u2019activit\u00e9 \u00e9conomique de nombre de secteurs. Il est \u00e9vident que c\u2019est l\u00e0 une approche hautement citoyenne que de se mettre au service des populations, \u00e0 travers le dispositif sanitaire mis en assistance aux cas notamment les plus s\u00e9rieux. Cependant, il est loisible de rappeler que la pand\u00e9mie est d\u00e9j\u00e0 dans nos murs, d\u2019autant plus que l\u2019Omicron,au premier cas d\u00e9tect\u00e9,est \u00ab\u00a0produit\u00a0\u00bb dans le pays et non \u00ab\u00a0import\u00e9\u00a0\u00bb d\u2019ailleurs. Pourquoi alors, continuer \u00e0 cadenasser toutes les issues en ass\u00e9nant des coups durs \u00e0 l\u2019\u00e9conomie de la nation\u00a0? Beaucoup de domaines de la vie au quotidien, s\u2019activent avec les flux \u00e9trangers, tels le tourisme, le transport, la restauration \u00e0 vocation touristique, l\u2019artisanat, l\u2019entreprise, l\u2019\u00e9change. De centaines de milliers de familles endurent le calvaire par ces fermetures, \u00e0 la diff\u00e9rence des pays qui ont sit\u00f4t fluidifi\u00e9\u00a0 leur l\u2019a\u00e9rien pour permettre le redressement de l\u2019\u00e9conomie. Il est donc judicieux de s\u2019y mettre, tout en demeurant prudemment attach\u00e9 aux mesures pr\u00e9ventives, puisque, de toutes les mani\u00e8res, le virus est visc\u00e9ralement int\u00e9gr\u00e9 dans le mode de vie de tous les concitoyens. Il n\u2019y a aucune raison de continuer \u00e0 fermer les fronti\u00e8res de peur de se faire contaminer par celui qui vient d\u2019outre-mer. Cependant, il importe de continuer \u00e0 imposer formellement \u00a0les PCR r\u00e9cents et les pass vaccins \u00e0 tous les visiteurs en provenance de l\u2019\u00e9tranger. Le virus vit avec nous, depuis quasiment deux ann\u00e9es sans qu\u2019il ne baisse les bras devant toutes les sortes de ripostes qu\u2019on lui administre, tout en sacrifiant nos moyens les plus vitaux de la vie normale. Il va falloir s\u2019y accommoder sans panique ni d\u00e9mesure.<\/strong><\/p>\n<p>L\u2019article <a rel=\"nofollow\" href=\"http:\/\/albayane.press.ma\/preserver-leconomie.html\">Pr\u00e9server l\u2019\u00e9conomie !<\/a> est apparu en premier sur <a rel=\"nofollow\" href=\"http:\/\/albayane.press.ma\/\">ALBAYANE<\/a>.<\/p>\n<\/div>\n<p>Auteur: M&rsquo;hammed rahal<br \/>\n<a href=\"http:\/\/albayane.press.ma\/preserver-leconomie.html\">Cliquez ici pour lire l&rsquo;article depuis sa source.<\/a><\/p>\n","protected":false},"excerpt":{"rendered":"<p>Qui croire et qui ne pas croire\u00a0? A entendre les experts en virologie analyser la pand\u00e9mie et r\u00e9v\u00e9ler les bilans hyper oppos\u00e9s, on est plut\u00f4t d\u00e9sabus\u00e9 voire d\u00e9sempar\u00e9 face au dilemme. Nous qui sommes \u00abn\u00e9ophytes\u00bbdans ce genre d\u2019exercice o\u00f9 se m\u00ealent la science et le profit. Certains s\u2019exultent que le vaccin est l\u2019unique arme contre [&hellip;]<\/p>\n","protected":false},"author":1760,"featured_media":0,"comment_status":"closed","ping_status":"closed","sticky":false,"template":"","format":"standard","meta":{"fifu_image_url":"","fifu_image_alt":"","footnotes":""},"categories":[73,54],"tags":[],"class_list":["post-138878","post","type-post","status-publish","format-standard","hentry","category-actualite","category-maroc"],"_links":{"self":[{"href":"https:\/\/linitiative.ca\/International\/wp-json\/wp\/v2\/posts\/138878","targetHints":{"allow":["GET"]}}],"collection":[{"href":"https:\/\/linitiative.ca\/International\/wp-json\/wp\/v2\/posts"}],"about":[{"href":"https:\/\/linitiative.ca\/International\/wp-json\/wp\/v2\/types\/post"}],"author":[{"embeddable":true,"href":"https:\/\/linitiative.ca\/International\/wp-json\/wp\/v2\/users\/1760"}],"replies":[{"embeddable":true,"href":"https:\/\/linitiative.ca\/International\/wp-json\/wp\/v2\/comments?post=138878"}],"version-history":[{"count":0,"href":"https:\/\/linitiative.ca\/International\/wp-json\/wp\/v2\/posts\/138878\/revisions"}],"wp:attachment":[{"href":"https:\/\/linitiative.ca\/International\/wp-json\/wp\/v2\/media?parent=138878"}],"wp:term":[{"taxonomy":"category","embeddable":true,"href":"https:\/\/linitiative.ca\/International\/wp-json\/wp\/v2\/categories?post=138878"},{"taxonomy":"post_tag","embeddable":true,"href":"https:\/\/linitiative.ca\/International\/wp-json\/wp\/v2\/tags?post=138878"}],"curies":[{"name":"wp","href":"https:\/\/api.w.org\/{rel}","templated":true}]}}