{"id":138881,"date":"2022-01-18T13:00:00","date_gmt":"2022-01-18T18:00:00","guid":{"rendered":"https:\/\/linitiative.ca\/International\/art-lights-associe-deux-univers-oniriques\/"},"modified":"2022-01-18T13:00:00","modified_gmt":"2022-01-18T18:00:00","slug":"art-lights-associe-deux-univers-oniriques","status":"publish","type":"post","link":"https:\/\/linitiative.ca\/International\/art-lights-associe-deux-univers-oniriques\/","title":{"rendered":"\u00abArt&amp; Lights\u00bb associe deux univers oniriques"},"content":{"rendered":"<div>\n<p class=\"has-text-align-center has-vivid-red-color has-text-color\"><strong>Patrick Lowie et Bilal Faris exposent leurs sculptures \u00e0 Casablanca<\/strong><\/p>\n<p class=\"has-text-align-right has-black-color has-text-color\"><strong><em>OmaymaKhtib<\/em><\/strong><\/p>\n<p class=\"has-black-color has-text-color\"><strong><em>Ouverture de la programmation 2022 de la Galerie A2 avec lessculptures oniriques des deux artistes, Patrick Lowie et Bilal Faris \u00e0 Casablanca. Ce duo, y exposera ses \u0153uvres sculpturales et son univers onirique \u00e0 partir de ce jeudi 20 janvier courant.<\/em><\/strong><\/p>\n<p class=\"has-black-color has-text-color\">Cette exposition sera marqu\u00e9e par une lecture-performance de Patrick Lowie autour de ses chroniques de \u00abMapuetos\u00bb et son dernier roman \u00abLe r\u00eave de l\u2019\u00e9chelle\u00bb\u00bb. En effet, les sculptures sont con\u00e7ues avec des agitateurs en bois r\u00e9serv\u00e9s pour touiller le caf\u00e9 et du fer galvanis\u00e9, elles prennent des formes inattendues, fruits de l\u2019imaginaire des deux acolytes. A l\u2019origine de ces impr\u00e9visibles cr\u00e9ations, une rencontre \u00e9tonnante entre deux mondes et deux cultures, une association que rien ne laisser pr\u00e9sager\u00a0! Indique le communiqu\u00e9 de la galerie.<\/p>\n<p class=\"has-black-color has-text-color\">De son cot\u00e9, Patrick Lowie est un homme de lettres belge, connu au Maroc dans le domaine de l\u2019\u00e9dition et de l\u2019associatif. Un pays o\u00f9 il est install\u00e9 depuis une vingtaine d\u2019ann\u00e9es. \u00abJe suis un homme de voyages et de r\u00eaves. Tr\u00e8s influenc\u00e9 par l\u2019onirisme, je cr\u00e9e depuis de longues ann\u00e9es un univers qui m\u2019est propre\u00bb, exprime-t-il. Aujourd\u2019hui, il d\u00e9voile au public une nouvelle facette de ses nombreux talents, relevant cette fois-ci du travail manuel et de la cr\u00e9ation artistique mat\u00e9rielle. Une activit\u00e9 qu\u2019il pratique dans un quasi-anonymat depuis 2012.<\/p>\n<p class=\"has-black-color has-text-color\">Quant \u00e0 Bilal Faris, il d\u00e9couvre son penchant artistique pendant la crise sanitaire qui \u00e0 bouleverser son mode de vie. A cause du confinement, il perd son emploi et se lance dans le milieu artistique. Le jeune homme se d\u00e9couvre un savoir-faire, prend plaisir \u00e0 cr\u00e9er des formes et des couleurs. Il comprend qu\u2019il est artiste, et de nouveaux horizons s\u2019offrent \u00e0 lui.<\/p>\n<p class=\"has-black-color has-text-color\">Il est \u00e0 souligner que cette nouvelle collection se divise en deux cat\u00e9gories.Il s\u2019agit de la s\u00e9rie \u00ab\u00a0Art\u00a0\u00bb, des r\u00e9alisations originales issues de leurs imaginaires et de la s\u00e9rie \u00ab\u00a0Lights\u00a0\u00bb, des luminaires destin\u00e9s \u00e0 la d\u00e9coration. \u00abC\u2019est avec beaucoup d\u2019entrain qu\u2019ils entament cette nouvelle ann\u00e9e : s\u2019attaquer \u00e0 des cr\u00e9ations plus monumentales, toujours avec les m\u00eames mat\u00e9riaux\u00bb, Indique la galerie.<\/p>\n<p>L\u2019article <a rel=\"nofollow\" href=\"http:\/\/albayane.press.ma\/art-lights-associe-deux-univers-oniriques.html\">\u00abArt&amp; Lights\u00bb associe deux univers oniriques<\/a> est apparu en premier sur <a rel=\"nofollow\" href=\"http:\/\/albayane.press.ma\/\">ALBAYANE<\/a>.<\/p>\n<\/div>\n<p>Auteur: M&rsquo;hammed rahal<br \/>\n<a href=\"http:\/\/albayane.press.ma\/art-lights-associe-deux-univers-oniriques.html\">Cliquez ici pour lire l&rsquo;article depuis sa source.<\/a><\/p>\n","protected":false},"excerpt":{"rendered":"<p>Patrick Lowie et Bilal Faris exposent leurs sculptures \u00e0 Casablanca OmaymaKhtib Ouverture de la programmation 2022 de la Galerie A2 avec lessculptures oniriques des deux artistes, Patrick Lowie et Bilal Faris \u00e0 Casablanca. Ce duo, y exposera ses \u0153uvres sculpturales et son univers onirique \u00e0 partir de ce jeudi 20 janvier courant. Cette exposition sera [&hellip;]<\/p>\n","protected":false},"author":1760,"featured_media":0,"comment_status":"closed","ping_status":"closed","sticky":false,"template":"","format":"standard","meta":{"fifu_image_url":"","fifu_image_alt":"","footnotes":""},"categories":[73,54],"tags":[],"class_list":["post-138881","post","type-post","status-publish","format-standard","hentry","category-actualite","category-maroc"],"_links":{"self":[{"href":"https:\/\/linitiative.ca\/International\/wp-json\/wp\/v2\/posts\/138881","targetHints":{"allow":["GET"]}}],"collection":[{"href":"https:\/\/linitiative.ca\/International\/wp-json\/wp\/v2\/posts"}],"about":[{"href":"https:\/\/linitiative.ca\/International\/wp-json\/wp\/v2\/types\/post"}],"author":[{"embeddable":true,"href":"https:\/\/linitiative.ca\/International\/wp-json\/wp\/v2\/users\/1760"}],"replies":[{"embeddable":true,"href":"https:\/\/linitiative.ca\/International\/wp-json\/wp\/v2\/comments?post=138881"}],"version-history":[{"count":0,"href":"https:\/\/linitiative.ca\/International\/wp-json\/wp\/v2\/posts\/138881\/revisions"}],"wp:attachment":[{"href":"https:\/\/linitiative.ca\/International\/wp-json\/wp\/v2\/media?parent=138881"}],"wp:term":[{"taxonomy":"category","embeddable":true,"href":"https:\/\/linitiative.ca\/International\/wp-json\/wp\/v2\/categories?post=138881"},{"taxonomy":"post_tag","embeddable":true,"href":"https:\/\/linitiative.ca\/International\/wp-json\/wp\/v2\/tags?post=138881"}],"curies":[{"name":"wp","href":"https:\/\/api.w.org\/{rel}","templated":true}]}}