{"id":138882,"date":"2022-01-18T13:00:00","date_gmt":"2022-01-18T18:00:00","guid":{"rendered":"https:\/\/linitiative.ca\/International\/introspection-ou-le-voyage-darts-dabstraction-russe-par-loeil-de-lartiste-marocain\/"},"modified":"2022-01-18T13:00:00","modified_gmt":"2022-01-18T18:00:00","slug":"introspection-ou-le-voyage-darts-dabstraction-russe-par-loeil-de-lartiste-marocain","status":"publish","type":"post","link":"https:\/\/linitiative.ca\/International\/introspection-ou-le-voyage-darts-dabstraction-russe-par-loeil-de-lartiste-marocain\/","title":{"rendered":"\u00ab INTROSPECTION \u00bb ou le \u00ab Voyage d\u2019arts d\u2019abstraction Russe par l\u2019\u0153il de l\u2019artiste Marocain \u00bb"},"content":{"rendered":"<div>\n<p class=\"has-text-align-center has-vivid-cyan-blue-color has-text-color\"><strong>Exposition de l\u2019artiste peintre Abdeslam El Fakir au Centre Russe de la Science et de la Culture \u00e0 Rabat.<\/strong><\/p>\n<p class=\"has-black-color has-text-color\"><strong>Un public nombreux dont des Marocains et des compatriotes russe, d\u2019artistes peintres, de repr\u00e9sentants de la presse et des repr\u00e9sentants des associations des arts plastiques, a assist\u00e9 au vernissage de l\u2019exposition du peintre marocain Abdeslam El Fakir, le 12\/01\/2022, au Centre Russe de la Science et de la Culture \u00e0 Rabat.<\/strong><\/p>\n<p class=\"has-black-color has-text-color\">Abdeslam El Fakir, sociologue chercheur, professeur de philosophie mais \u00e9galement artiste-peintre, depuis son enfance, s\u2019int\u00e9ressait particuli\u00e8rement \u00e0 l\u2019art abstrait russe, qu\u2019il consid\u00e8re comme l\u2019une des grandes \u00e9coles d\u2019arts au monde.<\/p>\n<p class=\"has-black-color has-text-color\">A travers ses peintures, il y a une riche plume russe avec des tendances acad\u00e9miques \u00e9lev\u00e9es. Dans les \u0153uvres \u00e9crites selon une technique unique, l\u2019impact de l\u2019\u00e9cole russe se fait sentir. Les nombreux invit\u00e9s ont appr\u00e9ci\u00e9 le sens philosophique simple de chaque toile, refl\u00e9tant le chemin spirituel du ma\u00eetre. \u00a0\u00a0Ces actions renforcent les liens humanitaires entre nos pays et suscitent l\u2019int\u00e9r\u00eat pour la culture russe.<\/p>\n<p class=\"has-black-color has-text-color\">A.Dorhmi<\/p>\n<p>L\u2019article <a rel=\"nofollow\" href=\"http:\/\/albayane.press.ma\/introspection-ou-le-voyage-darts-dabstraction-russe-par-loeil-de-lartiste-marocain.html\">\u00ab INTROSPECTION \u00bb ou le \u00ab Voyage d\u2019arts d\u2019abstraction Russe par l\u2019\u0153il de l\u2019artiste Marocain \u00bb<\/a> est apparu en premier sur <a rel=\"nofollow\" href=\"http:\/\/albayane.press.ma\/\">ALBAYANE<\/a>.<\/p>\n<\/div>\n<p>Auteur: M&rsquo;hammed rahal<br \/>\n<a href=\"http:\/\/albayane.press.ma\/introspection-ou-le-voyage-darts-dabstraction-russe-par-loeil-de-lartiste-marocain.html\">Cliquez ici pour lire l&rsquo;article depuis sa source.<\/a><\/p>\n","protected":false},"excerpt":{"rendered":"<p>Exposition de l\u2019artiste peintre Abdeslam El Fakir au Centre Russe de la Science et de la Culture \u00e0 Rabat. Un public nombreux dont des Marocains et des compatriotes russe, d\u2019artistes peintres, de repr\u00e9sentants de la presse et des repr\u00e9sentants des associations des arts plastiques, a assist\u00e9 au vernissage de l\u2019exposition du peintre marocain Abdeslam El [&hellip;]<\/p>\n","protected":false},"author":1760,"featured_media":0,"comment_status":"closed","ping_status":"closed","sticky":false,"template":"","format":"standard","meta":{"fifu_image_url":"","fifu_image_alt":"","footnotes":""},"categories":[73,54],"tags":[],"class_list":["post-138882","post","type-post","status-publish","format-standard","hentry","category-actualite","category-maroc"],"_links":{"self":[{"href":"https:\/\/linitiative.ca\/International\/wp-json\/wp\/v2\/posts\/138882","targetHints":{"allow":["GET"]}}],"collection":[{"href":"https:\/\/linitiative.ca\/International\/wp-json\/wp\/v2\/posts"}],"about":[{"href":"https:\/\/linitiative.ca\/International\/wp-json\/wp\/v2\/types\/post"}],"author":[{"embeddable":true,"href":"https:\/\/linitiative.ca\/International\/wp-json\/wp\/v2\/users\/1760"}],"replies":[{"embeddable":true,"href":"https:\/\/linitiative.ca\/International\/wp-json\/wp\/v2\/comments?post=138882"}],"version-history":[{"count":0,"href":"https:\/\/linitiative.ca\/International\/wp-json\/wp\/v2\/posts\/138882\/revisions"}],"wp:attachment":[{"href":"https:\/\/linitiative.ca\/International\/wp-json\/wp\/v2\/media?parent=138882"}],"wp:term":[{"taxonomy":"category","embeddable":true,"href":"https:\/\/linitiative.ca\/International\/wp-json\/wp\/v2\/categories?post=138882"},{"taxonomy":"post_tag","embeddable":true,"href":"https:\/\/linitiative.ca\/International\/wp-json\/wp\/v2\/tags?post=138882"}],"curies":[{"name":"wp","href":"https:\/\/api.w.org\/{rel}","templated":true}]}}