{"id":138883,"date":"2022-01-19T09:00:00","date_gmt":"2022-01-19T14:00:00","guid":{"rendered":"https:\/\/linitiative.ca\/International\/mort-par-asphyxie-au-monoxyde-de-carbone-de-trois-membres-dune-meme-famille\/"},"modified":"2022-01-19T09:00:00","modified_gmt":"2022-01-19T14:00:00","slug":"mort-par-asphyxie-au-monoxyde-de-carbone-de-trois-membres-dune-meme-famille","status":"publish","type":"post","link":"https:\/\/linitiative.ca\/International\/mort-par-asphyxie-au-monoxyde-de-carbone-de-trois-membres-dune-meme-famille\/","title":{"rendered":"Mort par asphyxie au monoxyde de carbone de trois membres d&rsquo;une m\u00eame famille"},"content":{"rendered":"<div>Trois membres d&rsquo;une m\u00eame famille sont d\u00e9c\u00e9d\u00e9s, mercredi, par asphyxie au monoxyde de carbone, dans la commune d&rsquo;Ouled Haddadj, \u00e0 l&rsquo;ouest de Boumerdes (&#8230;)<\/div>\n<p>Auteur:<br \/>\n<a href=\"https:\/\/www.liberte-algerie.com\/actualite\/mort-par-asphyxie-au-monoxyde-de-carbone-de-trois-membres-dune-meme-famille-371909\">Cliquez ici pour lire l&rsquo;article depuis sa source.<\/a><\/p>\n","protected":false},"excerpt":{"rendered":"<p>Trois membres d&rsquo;une m\u00eame famille sont d\u00e9c\u00e9d\u00e9s, mercredi, par asphyxie au monoxyde de carbone, dans la commune d&rsquo;Ouled Haddadj, \u00e0 l&rsquo;ouest de Boumerdes (&#8230;) Auteur: Cliquez ici pour lire l&rsquo;article depuis sa source.<\/p>\n","protected":false},"author":1742,"featured_media":0,"comment_status":"closed","ping_status":"closed","sticky":false,"template":"","format":"standard","meta":{"fifu_image_url":"","fifu_image_alt":"","footnotes":""},"categories":[73,53],"tags":[],"class_list":["post-138883","post","type-post","status-publish","format-standard","hentry","category-actualite","category-algerie"],"_links":{"self":[{"href":"https:\/\/linitiative.ca\/International\/wp-json\/wp\/v2\/posts\/138883","targetHints":{"allow":["GET"]}}],"collection":[{"href":"https:\/\/linitiative.ca\/International\/wp-json\/wp\/v2\/posts"}],"about":[{"href":"https:\/\/linitiative.ca\/International\/wp-json\/wp\/v2\/types\/post"}],"author":[{"embeddable":true,"href":"https:\/\/linitiative.ca\/International\/wp-json\/wp\/v2\/users\/1742"}],"replies":[{"embeddable":true,"href":"https:\/\/linitiative.ca\/International\/wp-json\/wp\/v2\/comments?post=138883"}],"version-history":[{"count":0,"href":"https:\/\/linitiative.ca\/International\/wp-json\/wp\/v2\/posts\/138883\/revisions"}],"wp:attachment":[{"href":"https:\/\/linitiative.ca\/International\/wp-json\/wp\/v2\/media?parent=138883"}],"wp:term":[{"taxonomy":"category","embeddable":true,"href":"https:\/\/linitiative.ca\/International\/wp-json\/wp\/v2\/categories?post=138883"},{"taxonomy":"post_tag","embeddable":true,"href":"https:\/\/linitiative.ca\/International\/wp-json\/wp\/v2\/tags?post=138883"}],"curies":[{"name":"wp","href":"https:\/\/api.w.org\/{rel}","templated":true}]}}