{"id":138884,"date":"2022-01-19T09:00:00","date_gmt":"2022-01-19T14:00:00","guid":{"rendered":"https:\/\/linitiative.ca\/International\/salim-dada-nomme-president-de-la-commission-des-ceremonies-douverture-et-de-cloture\/"},"modified":"2022-01-19T09:00:00","modified_gmt":"2022-01-19T14:00:00","slug":"salim-dada-nomme-president-de-la-commission-des-ceremonies-douverture-et-de-cloture","status":"publish","type":"post","link":"https:\/\/linitiative.ca\/International\/salim-dada-nomme-president-de-la-commission-des-ceremonies-douverture-et-de-cloture\/","title":{"rendered":"Salim Dada nomm\u00e9 pr\u00e9sident de la commission des c\u00e9r\u00e9monies d&rsquo;ouverture et de cl\u00f4ture"},"content":{"rendered":"<div>Le pr\u00e9sident du COA, vice-pr\u00e9sident du Comit\u00e9 d&rsquo;organisation des J.M  Oran2021, Abderrahmane Hammad, a proc\u00e9d\u00e9, ce mercredi, \u00e0 l&rsquo;installation officielle de Salim Dada, au poste du pr\u00e9sident de la commission des c\u00e9r\u00e9monies d&rsquo;ouverture et de cl\u00f4ture&#8230;<\/div>\n<p>Auteur:<br \/>\n<a href=\"https:\/\/www.liberte-algerie.com\/sports\/salim-dada-nomme-president-de-la-commission-des-ceremonies-douverture-et-de-cloture-371905\">Cliquez ici pour lire l&rsquo;article depuis sa source.<\/a><\/p>\n","protected":false},"excerpt":{"rendered":"<p>Le pr\u00e9sident du COA, vice-pr\u00e9sident du Comit\u00e9 d&rsquo;organisation des J.M Oran2021, Abderrahmane Hammad, a proc\u00e9d\u00e9, ce mercredi, \u00e0 l&rsquo;installation officielle de Salim Dada, au poste du pr\u00e9sident de la commission des c\u00e9r\u00e9monies d&rsquo;ouverture et de cl\u00f4ture&#8230; Auteur: Cliquez ici pour lire l&rsquo;article depuis sa source.<\/p>\n","protected":false},"author":1742,"featured_media":0,"comment_status":"closed","ping_status":"closed","sticky":false,"template":"","format":"standard","meta":{"fifu_image_url":"","fifu_image_alt":"","footnotes":""},"categories":[73,53],"tags":[],"class_list":["post-138884","post","type-post","status-publish","format-standard","hentry","category-actualite","category-algerie"],"_links":{"self":[{"href":"https:\/\/linitiative.ca\/International\/wp-json\/wp\/v2\/posts\/138884","targetHints":{"allow":["GET"]}}],"collection":[{"href":"https:\/\/linitiative.ca\/International\/wp-json\/wp\/v2\/posts"}],"about":[{"href":"https:\/\/linitiative.ca\/International\/wp-json\/wp\/v2\/types\/post"}],"author":[{"embeddable":true,"href":"https:\/\/linitiative.ca\/International\/wp-json\/wp\/v2\/users\/1742"}],"replies":[{"embeddable":true,"href":"https:\/\/linitiative.ca\/International\/wp-json\/wp\/v2\/comments?post=138884"}],"version-history":[{"count":0,"href":"https:\/\/linitiative.ca\/International\/wp-json\/wp\/v2\/posts\/138884\/revisions"}],"wp:attachment":[{"href":"https:\/\/linitiative.ca\/International\/wp-json\/wp\/v2\/media?parent=138884"}],"wp:term":[{"taxonomy":"category","embeddable":true,"href":"https:\/\/linitiative.ca\/International\/wp-json\/wp\/v2\/categories?post=138884"},{"taxonomy":"post_tag","embeddable":true,"href":"https:\/\/linitiative.ca\/International\/wp-json\/wp\/v2\/tags?post=138884"}],"curies":[{"name":"wp","href":"https:\/\/api.w.org\/{rel}","templated":true}]}}