{"id":138885,"date":"2022-01-19T10:16:00","date_gmt":"2022-01-19T15:16:00","guid":{"rendered":"https:\/\/linitiative.ca\/International\/deces-de-lacteur-francais-gaspard-ulliel-a-la-suite-dun-accident-de-ski\/"},"modified":"2022-01-19T10:16:00","modified_gmt":"2022-01-19T15:16:00","slug":"deces-de-lacteur-francais-gaspard-ulliel-a-la-suite-dun-accident-de-ski","status":"publish","type":"post","link":"https:\/\/linitiative.ca\/International\/deces-de-lacteur-francais-gaspard-ulliel-a-la-suite-dun-accident-de-ski\/","title":{"rendered":"D\u00e9c\u00e8s de l&rsquo;acteur fran\u00e7ais Gaspard Ulliel \u00e0 la suite d&rsquo;un accident de ski"},"content":{"rendered":"<div>L&rsquo;acteur fran\u00e7ais Gaspard Ulliel, est d\u00e9c\u00e9d\u00e9 brutalement \u00e0 37 ans, apr\u00e8s un accident de ski en Savoie<\/div>\n<p>Auteur:<br \/>\n<a href=\"https:\/\/www.liberte-algerie.com\/culture\/deces-de-lacteur-francais-gaspard-ulliel-a-la-suite-dun-accident-de-ski-371910\">Cliquez ici pour lire l&rsquo;article depuis sa source.<\/a><\/p>\n","protected":false},"excerpt":{"rendered":"<p>L&rsquo;acteur fran\u00e7ais Gaspard Ulliel, est d\u00e9c\u00e9d\u00e9 brutalement \u00e0 37 ans, apr\u00e8s un accident de ski en Savoie Auteur: Cliquez ici pour lire l&rsquo;article depuis sa source.<\/p>\n","protected":false},"author":1742,"featured_media":0,"comment_status":"closed","ping_status":"closed","sticky":false,"template":"","format":"standard","meta":{"fifu_image_url":"","fifu_image_alt":"","footnotes":""},"categories":[73,53],"tags":[],"class_list":["post-138885","post","type-post","status-publish","format-standard","hentry","category-actualite","category-algerie"],"_links":{"self":[{"href":"https:\/\/linitiative.ca\/International\/wp-json\/wp\/v2\/posts\/138885","targetHints":{"allow":["GET"]}}],"collection":[{"href":"https:\/\/linitiative.ca\/International\/wp-json\/wp\/v2\/posts"}],"about":[{"href":"https:\/\/linitiative.ca\/International\/wp-json\/wp\/v2\/types\/post"}],"author":[{"embeddable":true,"href":"https:\/\/linitiative.ca\/International\/wp-json\/wp\/v2\/users\/1742"}],"replies":[{"embeddable":true,"href":"https:\/\/linitiative.ca\/International\/wp-json\/wp\/v2\/comments?post=138885"}],"version-history":[{"count":0,"href":"https:\/\/linitiative.ca\/International\/wp-json\/wp\/v2\/posts\/138885\/revisions"}],"wp:attachment":[{"href":"https:\/\/linitiative.ca\/International\/wp-json\/wp\/v2\/media?parent=138885"}],"wp:term":[{"taxonomy":"category","embeddable":true,"href":"https:\/\/linitiative.ca\/International\/wp-json\/wp\/v2\/categories?post=138885"},{"taxonomy":"post_tag","embeddable":true,"href":"https:\/\/linitiative.ca\/International\/wp-json\/wp\/v2\/tags?post=138885"}],"curies":[{"name":"wp","href":"https:\/\/api.w.org\/{rel}","templated":true}]}}