{"id":138889,"date":"2022-01-19T12:22:19","date_gmt":"2022-01-19T17:22:19","guid":{"rendered":"https:\/\/linitiative.ca\/International\/aeroport-hausse-de-108-du-trafic-aerien-durant-lannee-2021\/"},"modified":"2022-01-19T12:22:19","modified_gmt":"2022-01-19T17:22:19","slug":"aeroport-hausse-de-108-du-trafic-aerien-durant-lannee-2021","status":"publish","type":"post","link":"https:\/\/linitiative.ca\/International\/aeroport-hausse-de-108-du-trafic-aerien-durant-lannee-2021\/","title":{"rendered":"A\u00e9roport: Hausse de 1,08 % du trafic a\u00e9rien durant l\u2019ann\u00e9e 2021"},"content":{"rendered":"<div>\n<div style=\"margin-bottom:20px;\"><img loading=\"lazy\" decoding=\"async\" width=\"750\" height=\"430\" src=\"https:\/\/linitiative.ca\/International\/wp-content\/uploads\/sites\/23\/2022\/01\/aC3A9roport-Marrakech-3-copier.jpg\" class=\"attachment-post-thumbnail size-post-thumbnail wp-post-image\" alt=\"\" srcset=\"https:\/\/linitiative.ca\/International\/wp-content\/uploads\/sites\/23\/2022\/01\/aC3A9roport-Marrakech-3-copier.jpg 750w, https:\/\/www.mapmarrakech.ma\/map\/uploads\/2022\/01\/a\u00e9roport-Marrakech-3-copier-300x172.jpg 300w\" sizes=\"auto, (max-width: 750px) 100vw, 750px\"><\/div>\n<p>Cette infrastructure a\u00e9roportuaire a, ainsi, accueilli durant l\u2019ann\u00e9e \u00e9coul\u00e9e quelque 1.525.491 passagers contre seulement quelque 1.509.127 durant l\u2019ann\u00e9e 2020 et 6.399.145 voyageurs durant l\u2019ann\u00e9e 2019, indique un rapport de l\u2019Office National des A\u00e9roports (ONDA).<\/p>\n<p>Cet a\u00e9roport a occup\u00e9, durant la m\u00eame p\u00e9riode, la 2\u00e8 place au niveau national compte tenu du trafic de mouvements a\u00e9roportuaires, avec une part de 14,26% derri\u00e8re l\u2019a\u00e9roport international Mohammed V (43,34%) et devant l\u2019a\u00e9roport international Tanger Ibn Battouta (9,54%).<\/p>\n<p>Durant l\u2019ann\u00e9e 2021, qui a \u00e9t\u00e9 marqu\u00e9e par la persistance de la crise sanitaire, les a\u00e9roports du Royaume ont connu une am\u00e9lioration au niveau du trafic a\u00e9rien par rapport \u00e0 l\u2019ann\u00e9e 2020, en enregistrant un volume de trafic commercial passager de 9.938.607 passagers, dont plus du tiers enregistr\u00e9 durant la p\u00e9riode du 15 juin au 31 ao\u00fbt, contre 7.155.091 passagers accueillis durant l\u2019ann\u00e9e 2020, soit une hausse de l\u2019ordre de 38,9%.<\/p>\n<p>Ce trafic repr\u00e9sente 40% du trafic a\u00e9rien enregistr\u00e9 en 2019, pr\u00e9cise l\u2019ONDA.<\/p>\n<p>Durant la saison estivale 2021, et avec la reprise des vols internationaux co\u00efncidant avec le lancement, sous l\u2019\u00e9gide de la Fondation Mohammed V pour la Solidarit\u00e9, de l\u2019op\u00e9ration Marhaba 2021, le trafic a\u00e9rien international a enregistr\u00e9 une bonne performance en accueillant plus de 3,56 millions de passagers \u00e0 travers 31.255 vols durant la p\u00e9riode allant du 15 juin au 31 ao\u00fbt 2021, soit un taux global de r\u00e9cup\u00e9ration de l\u2019ordre de 64,67% par rapport \u00e0 la m\u00eame p\u00e9riode de l\u2019ann\u00e9e 2019.<\/p>\n<p>The post <a rel=\"nofollow\" href=\"https:\/\/www.mapmarrakech.ma\/fr\/aeroport-hausse-de-108-du-trafic-aerien-durant-lannee-2021\/\">A\u00e9roport: Hausse de 1,08 % du trafic a\u00e9rien durant l\u2019ann\u00e9e 2021<\/a> appeared first on <a rel=\"nofollow\" href=\"https:\/\/www.mapmarrakech.ma\/fr\">MapMarrakech<\/a>.<\/p>\n<\/div>\n<p>Auteur: Meriem IGASS<br \/>\n<a href=\"https:\/\/www.mapmarrakech.ma\/fr\/aeroport-hausse-de-108-du-trafic-aerien-durant-lannee-2021\/\">Cliquez ici pour lire l&rsquo;article depuis sa source.<\/a><\/p>\n","protected":false},"excerpt":{"rendered":"<p>Cette infrastructure a\u00e9roportuaire a, ainsi, accueilli durant l\u2019ann\u00e9e \u00e9coul\u00e9e quelque 1.525.491 passagers contre seulement quelque 1.509.127 durant l\u2019ann\u00e9e 2020 et 6.399.145 voyageurs durant l\u2019ann\u00e9e 2019, indique un rapport de l\u2019Office National des A\u00e9roports (ONDA). Cet a\u00e9roport a occup\u00e9, durant la m\u00eame p\u00e9riode, la 2\u00e8 place au niveau national compte tenu du trafic de mouvements a\u00e9roportuaires, [&hellip;]<\/p>\n","protected":false},"author":1788,"featured_media":0,"comment_status":"closed","ping_status":"closed","sticky":false,"template":"","format":"standard","meta":{"fifu_image_url":"https:\/\/www.mapmarrakech.ma\/map\/uploads\/2022\/01\/a\u00e9roport-Marrakech-3-copier.jpg","fifu_image_alt":"A\u00e9roport: Hausse de 1,08 % du trafic a\u00e9rien durant l\u2019ann\u00e9e 2021","footnotes":""},"categories":[54,76],"tags":[],"class_list":["post-138889","post","type-post","status-publish","format-standard","hentry","category-maroc","category-regions"],"_links":{"self":[{"href":"https:\/\/linitiative.ca\/International\/wp-json\/wp\/v2\/posts\/138889","targetHints":{"allow":["GET"]}}],"collection":[{"href":"https:\/\/linitiative.ca\/International\/wp-json\/wp\/v2\/posts"}],"about":[{"href":"https:\/\/linitiative.ca\/International\/wp-json\/wp\/v2\/types\/post"}],"author":[{"embeddable":true,"href":"https:\/\/linitiative.ca\/International\/wp-json\/wp\/v2\/users\/1788"}],"replies":[{"embeddable":true,"href":"https:\/\/linitiative.ca\/International\/wp-json\/wp\/v2\/comments?post=138889"}],"version-history":[{"count":0,"href":"https:\/\/linitiative.ca\/International\/wp-json\/wp\/v2\/posts\/138889\/revisions"}],"wp:attachment":[{"href":"https:\/\/linitiative.ca\/International\/wp-json\/wp\/v2\/media?parent=138889"}],"wp:term":[{"taxonomy":"category","embeddable":true,"href":"https:\/\/linitiative.ca\/International\/wp-json\/wp\/v2\/categories?post=138889"},{"taxonomy":"post_tag","embeddable":true,"href":"https:\/\/linitiative.ca\/International\/wp-json\/wp\/v2\/tags?post=138889"}],"curies":[{"name":"wp","href":"https:\/\/api.w.org\/{rel}","templated":true}]}}