{"id":138895,"date":"2022-01-19T09:43:49","date_gmt":"2022-01-19T14:43:49","guid":{"rendered":"https:\/\/linitiative.ca\/International\/covid-langleterre-met-fin-a-lessentiel-des-restrictions\/"},"modified":"2022-01-19T09:43:49","modified_gmt":"2022-01-19T14:43:49","slug":"covid-langleterre-met-fin-a-lessentiel-des-restrictions","status":"publish","type":"post","link":"https:\/\/linitiative.ca\/International\/covid-langleterre-met-fin-a-lessentiel-des-restrictions\/","title":{"rendered":"Covid: l&rsquo;Angleterre met fin \u00e0 l&rsquo;essentiel des restrictions"},"content":{"rendered":"<div>\n<div class=\"field field-name-body field-type-text-with-summary field-label-hidden\">\n<div class=\"field-items\">\n<div class=\"field-item even\" property=\"content:encoded\">\n<p class=\"rtejustify\">L&rsquo;essentiel des restrictions visant \u00e0 juguler la propagation du Covid-19 en Angleterre prendront fin d\u00e8s la semaine prochaine, a annonc\u00e9 mercredi le Premier ministre britannique Boris Johnson.<\/p>\n<\/div>\n<\/div>\n<\/div>\n<\/div>\n<p>Auteur: mbasraoui<br \/>\n<a href=\"https:\/\/www.leconomiste.com\/flash-infos\/covid-l-angleterre-met-fin-l-essentiel-des-restrictions\">Cliquez ici pour lire l&rsquo;article depuis sa source.<\/a><\/p>\n","protected":false},"excerpt":{"rendered":"<p>L&rsquo;essentiel des restrictions visant \u00e0 juguler la propagation du Covid-19 en Angleterre prendront fin d\u00e8s la semaine prochaine, a annonc\u00e9 mercredi le Premier ministre britannique Boris Johnson. Auteur: mbasraoui Cliquez ici pour lire l&rsquo;article depuis sa source.<\/p>\n","protected":false},"author":1763,"featured_media":0,"comment_status":"closed","ping_status":"closed","sticky":false,"template":"","format":"standard","meta":{"fifu_image_url":"","fifu_image_alt":"","footnotes":""},"categories":[78,54],"tags":[],"class_list":["post-138895","post","type-post","status-publish","format-standard","hentry","category-economie","category-maroc"],"_links":{"self":[{"href":"https:\/\/linitiative.ca\/International\/wp-json\/wp\/v2\/posts\/138895","targetHints":{"allow":["GET"]}}],"collection":[{"href":"https:\/\/linitiative.ca\/International\/wp-json\/wp\/v2\/posts"}],"about":[{"href":"https:\/\/linitiative.ca\/International\/wp-json\/wp\/v2\/types\/post"}],"author":[{"embeddable":true,"href":"https:\/\/linitiative.ca\/International\/wp-json\/wp\/v2\/users\/1763"}],"replies":[{"embeddable":true,"href":"https:\/\/linitiative.ca\/International\/wp-json\/wp\/v2\/comments?post=138895"}],"version-history":[{"count":0,"href":"https:\/\/linitiative.ca\/International\/wp-json\/wp\/v2\/posts\/138895\/revisions"}],"wp:attachment":[{"href":"https:\/\/linitiative.ca\/International\/wp-json\/wp\/v2\/media?parent=138895"}],"wp:term":[{"taxonomy":"category","embeddable":true,"href":"https:\/\/linitiative.ca\/International\/wp-json\/wp\/v2\/categories?post=138895"},{"taxonomy":"post_tag","embeddable":true,"href":"https:\/\/linitiative.ca\/International\/wp-json\/wp\/v2\/tags?post=138895"}],"curies":[{"name":"wp","href":"https:\/\/api.w.org\/{rel}","templated":true}]}}