{"id":138901,"date":"2022-01-19T06:04:00","date_gmt":"2022-01-19T11:04:00","guid":{"rendered":"https:\/\/linitiative.ca\/International\/algerie-cote-divoire-a-quelle-heure-et-sur-quelle-chaine-voir-le-match\/"},"modified":"2022-01-19T06:04:00","modified_gmt":"2022-01-19T11:04:00","slug":"algerie-cote-divoire-a-quelle-heure-et-sur-quelle-chaine-voir-le-match","status":"publish","type":"post","link":"https:\/\/linitiative.ca\/International\/algerie-cote-divoire-a-quelle-heure-et-sur-quelle-chaine-voir-le-match\/","title":{"rendered":"Alg\u00e9rie-C\u00f4te d&rsquo;Ivoire : A quelle heure et sur quelle chaine voir le match"},"content":{"rendered":"<div>Avec un petit point au compteur apr\u00e8s deux rencontres, la s\u00e9lection nationale n&rsquo;a plus le choix : elle va devoir s&rsquo;imposer pour son dernier match face \u00e0 la C\u00f4te d&rsquo;Ivoire<\/div>\n<p>Auteur:<br \/>\n<a href=\"https:\/\/www.lebuteur.com\/article\/detail?titre=algerie-cote-divoire-a-quelle-heure-et-sur-quelle-chaine-voir-le-match&#038;id=102106\">Cliquez ici pour lire l&rsquo;article depuis sa source.<\/a><\/p>\n","protected":false},"excerpt":{"rendered":"<p>Avec un petit point au compteur apr\u00e8s deux rencontres, la s\u00e9lection nationale n&rsquo;a plus le choix : elle va devoir s&rsquo;imposer pour son dernier match face \u00e0 la C\u00f4te d&rsquo;Ivoire Auteur: Cliquez ici pour lire l&rsquo;article depuis sa source.<\/p>\n","protected":false},"author":1738,"featured_media":0,"comment_status":"closed","ping_status":"closed","sticky":false,"template":"","format":"standard","meta":{"fifu_image_url":"","fifu_image_alt":"","footnotes":""},"categories":[53,75],"tags":[],"class_list":["post-138901","post","type-post","status-publish","format-standard","hentry","category-algerie","category-sport"],"_links":{"self":[{"href":"https:\/\/linitiative.ca\/International\/wp-json\/wp\/v2\/posts\/138901","targetHints":{"allow":["GET"]}}],"collection":[{"href":"https:\/\/linitiative.ca\/International\/wp-json\/wp\/v2\/posts"}],"about":[{"href":"https:\/\/linitiative.ca\/International\/wp-json\/wp\/v2\/types\/post"}],"author":[{"embeddable":true,"href":"https:\/\/linitiative.ca\/International\/wp-json\/wp\/v2\/users\/1738"}],"replies":[{"embeddable":true,"href":"https:\/\/linitiative.ca\/International\/wp-json\/wp\/v2\/comments?post=138901"}],"version-history":[{"count":0,"href":"https:\/\/linitiative.ca\/International\/wp-json\/wp\/v2\/posts\/138901\/revisions"}],"wp:attachment":[{"href":"https:\/\/linitiative.ca\/International\/wp-json\/wp\/v2\/media?parent=138901"}],"wp:term":[{"taxonomy":"category","embeddable":true,"href":"https:\/\/linitiative.ca\/International\/wp-json\/wp\/v2\/categories?post=138901"},{"taxonomy":"post_tag","embeddable":true,"href":"https:\/\/linitiative.ca\/International\/wp-json\/wp\/v2\/tags?post=138901"}],"curies":[{"name":"wp","href":"https:\/\/api.w.org\/{rel}","templated":true}]}}