{"id":138905,"date":"2022-01-19T05:30:00","date_gmt":"2022-01-19T10:30:00","guid":{"rendered":"https:\/\/linitiative.ca\/International\/noureddine-sammoud-nest-plus-un-esthete-des-mots-nous-quitte\/"},"modified":"2022-01-19T05:30:00","modified_gmt":"2022-01-19T10:30:00","slug":"noureddine-sammoud-nest-plus-un-esthete-des-mots-nous-quitte","status":"publish","type":"post","link":"https:\/\/linitiative.ca\/International\/noureddine-sammoud-nest-plus-un-esthete-des-mots-nous-quitte\/","title":{"rendered":"Noureddine Sammoud n\u2019est plus, un esth\u00e8te des mots nous quitte"},"content":{"rendered":"<div><img decoding=\"async\" src=\"https:\/\/linitiative.ca\/International\/wp-content\/uploads\/sites\/23\/2022\/01\/1642589334_article.jpg\" alt=\"Noureddine Sammoud n\u2019est plus, un esth\u00e8te des mots nous quitte\" align=\"left\">Par Raouf Ben Rejeb &#8211; Le mardi 11 janvier 2022 fut un jour triste \u00e0 K\u00e9libia. Un homme d\u2019exception, un monument de cette ville connue pour ses artistes de talent, ses grandes figures d\u2019envergure vient de quitter ce monde ici-bas pour rejoindre les \u00e9toiles. Esth\u00e8te des mots et des lettres, po\u00e8te dans tous les genres, homme de lettres accompli, amoureux de la vie et de sa ville, Noureddine Sammoud \u00e9tait tout cela \u00e0 la fois.<br \/>\nN\u00e9 \u00e0 l\u2019or\u00e9e des ann\u00e9es 30, en juillet 1932 pr\u00e9cis\u00e9ment alors que K\u00e9libia n\u2019\u00e9tait encore qu\u2019un petit village nich\u00e9 au fin fond du Cap Bon, la presqu\u2019\u00eele des Maaouines en r\u00e9f\u00e9rence au saint patron de la r\u00e9gion, Noureddine Sammoud, de par ses &#8230;<\/p>\n<\/div>\n<p>Auteur:<br \/>\n<a href=\"https:\/\/www.leaders.com.tn\/article\/32880-noureddine-sammoud-n-est-plus-un-esthete-des-mots-nous-quitte\">Cliquez ici pour lire l&rsquo;article depuis sa source.<\/a><\/p>\n","protected":false},"excerpt":{"rendered":"<p>Par Raouf Ben Rejeb &#8211; Le mardi 11 janvier 2022 fut un jour triste \u00e0 K\u00e9libia. Un homme d\u2019exception, un monument de cette ville connue pour ses artistes de talent, ses grandes figures d\u2019envergure vient de quitter ce monde ici-bas pour rejoindre les \u00e9toiles. Esth\u00e8te des mots et des lettres, po\u00e8te dans tous les genres, [&hellip;]<\/p>\n","protected":false},"author":1772,"featured_media":0,"comment_status":"closed","ping_status":"closed","sticky":false,"template":"","format":"standard","meta":{"fifu_image_url":"http:\/\/www.leaders.com.tn\/uploads\/content\/thumbnails_small\/1642589334_article.jpg","fifu_image_alt":"Noureddine Sammoud n\u2019est plus, un esth\u00e8te des mots nous quitte","footnotes":""},"categories":[73,55],"tags":[],"class_list":["post-138905","post","type-post","status-publish","format-standard","hentry","category-actualite","category-tunisie"],"_links":{"self":[{"href":"https:\/\/linitiative.ca\/International\/wp-json\/wp\/v2\/posts\/138905","targetHints":{"allow":["GET"]}}],"collection":[{"href":"https:\/\/linitiative.ca\/International\/wp-json\/wp\/v2\/posts"}],"about":[{"href":"https:\/\/linitiative.ca\/International\/wp-json\/wp\/v2\/types\/post"}],"author":[{"embeddable":true,"href":"https:\/\/linitiative.ca\/International\/wp-json\/wp\/v2\/users\/1772"}],"replies":[{"embeddable":true,"href":"https:\/\/linitiative.ca\/International\/wp-json\/wp\/v2\/comments?post=138905"}],"version-history":[{"count":0,"href":"https:\/\/linitiative.ca\/International\/wp-json\/wp\/v2\/posts\/138905\/revisions"}],"wp:attachment":[{"href":"https:\/\/linitiative.ca\/International\/wp-json\/wp\/v2\/media?parent=138905"}],"wp:term":[{"taxonomy":"category","embeddable":true,"href":"https:\/\/linitiative.ca\/International\/wp-json\/wp\/v2\/categories?post=138905"},{"taxonomy":"post_tag","embeddable":true,"href":"https:\/\/linitiative.ca\/International\/wp-json\/wp\/v2\/tags?post=138905"}],"curies":[{"name":"wp","href":"https:\/\/api.w.org\/{rel}","templated":true}]}}