{"id":138907,"date":"2022-01-19T06:00:00","date_gmt":"2022-01-19T11:00:00","guid":{"rendered":"https:\/\/linitiative.ca\/International\/marwa-jabou-bessadok-rejoint-la-cellule-diplomatique-de-la-presidence-de-la-republique\/"},"modified":"2022-01-19T06:00:00","modified_gmt":"2022-01-19T11:00:00","slug":"marwa-jabou-bessadok-rejoint-la-cellule-diplomatique-de-la-presidence-de-la-republique","status":"publish","type":"post","link":"https:\/\/linitiative.ca\/International\/marwa-jabou-bessadok-rejoint-la-cellule-diplomatique-de-la-presidence-de-la-republique\/","title":{"rendered":"Marwa Jabou Bessadok rejoint la cellule diplomatique de la pr\u00e9sidence de la R\u00e9publique"},"content":{"rendered":"<div><img decoding=\"async\" src=\"https:\/\/linitiative.ca\/International\/wp-content\/uploads\/sites\/23\/2022\/01\/1642578405_article.jpg\" alt=\"Marwa Jabou Bessadok rejoint la cellule diplomatique de la pr\u00e9sidence de la R\u00e9publique\" align=\"left\">C\u2019est une brillante jeune diplomate, Marwa Jabou Bessadok, juriste de formation, r\u00e9cemment rentr\u00e9e d\u2019Ottawa, qui vient de rejoindre la cellule diplomatique au sein du cabinet du pr\u00e9sident de la R\u00e9publique, apr\u00e8s un bref passage par la direction de l\u2019Information et de la Communication. Lyc\u00e9e pilote Bourguiba de Tunis, ma\u00eetrise en droit obtenue \u00e0 la facult\u00e9 des Sciences juridiques, politiques et sociales de Tunis et mast\u00e8re \u00e0 l\u2019Universit\u00e9 Saint-Paul \u00e0 Ottawa, elle est polyglotte, maitrisant parfaitement six langues.<br \/>\nAdmise au concours d\u2019entr\u00e9e aux Affaires \u00e9trang\u00e8res, Marwa Jabou Bessadok poursuivra ses \u00e9tudes sp\u00e9cialis\u00e9es \u00e0 l\u2019Institut diplomatique (2012 \u2013 &#8230;<\/p>\n<\/div>\n<p>Auteur:<br \/>\n<a href=\"https:\/\/www.leaders.com.tn\/article\/32877-marwa-jabou-bessadok-rejoint-la-cellule-diplomatique-de-la-presidence-de-la-republique\">Cliquez ici pour lire l&rsquo;article depuis sa source.<\/a><\/p>\n","protected":false},"excerpt":{"rendered":"<p>C\u2019est une brillante jeune diplomate, Marwa Jabou Bessadok, juriste de formation, r\u00e9cemment rentr\u00e9e d\u2019Ottawa, qui vient de rejoindre la cellule diplomatique au sein du cabinet du pr\u00e9sident de la R\u00e9publique, apr\u00e8s un bref passage par la direction de l\u2019Information et de la Communication. Lyc\u00e9e pilote Bourguiba de Tunis, ma\u00eetrise en droit obtenue \u00e0 la facult\u00e9 [&hellip;]<\/p>\n","protected":false},"author":1772,"featured_media":0,"comment_status":"closed","ping_status":"closed","sticky":false,"template":"","format":"standard","meta":{"fifu_image_url":"http:\/\/www.leaders.com.tn\/uploads\/content\/thumbnails_small\/1642578405_article.jpg","fifu_image_alt":"Marwa Jabou Bessadok rejoint la cellule diplomatique de la pr\u00e9sidence de la R\u00e9publique","footnotes":""},"categories":[73,55],"tags":[],"class_list":["post-138907","post","type-post","status-publish","format-standard","hentry","category-actualite","category-tunisie"],"_links":{"self":[{"href":"https:\/\/linitiative.ca\/International\/wp-json\/wp\/v2\/posts\/138907","targetHints":{"allow":["GET"]}}],"collection":[{"href":"https:\/\/linitiative.ca\/International\/wp-json\/wp\/v2\/posts"}],"about":[{"href":"https:\/\/linitiative.ca\/International\/wp-json\/wp\/v2\/types\/post"}],"author":[{"embeddable":true,"href":"https:\/\/linitiative.ca\/International\/wp-json\/wp\/v2\/users\/1772"}],"replies":[{"embeddable":true,"href":"https:\/\/linitiative.ca\/International\/wp-json\/wp\/v2\/comments?post=138907"}],"version-history":[{"count":0,"href":"https:\/\/linitiative.ca\/International\/wp-json\/wp\/v2\/posts\/138907\/revisions"}],"wp:attachment":[{"href":"https:\/\/linitiative.ca\/International\/wp-json\/wp\/v2\/media?parent=138907"}],"wp:term":[{"taxonomy":"category","embeddable":true,"href":"https:\/\/linitiative.ca\/International\/wp-json\/wp\/v2\/categories?post=138907"},{"taxonomy":"post_tag","embeddable":true,"href":"https:\/\/linitiative.ca\/International\/wp-json\/wp\/v2\/tags?post=138907"}],"curies":[{"name":"wp","href":"https:\/\/api.w.org\/{rel}","templated":true}]}}