{"id":138918,"date":"2022-01-19T05:00:00","date_gmt":"2022-01-19T10:00:00","guid":{"rendered":"https:\/\/linitiative.ca\/International\/au-moins-26-morts-dans-un-seisme-dans-louest\/"},"modified":"2022-01-19T05:00:00","modified_gmt":"2022-01-19T10:00:00","slug":"au-moins-26-morts-dans-un-seisme-dans-louest","status":"publish","type":"post","link":"https:\/\/linitiative.ca\/International\/au-moins-26-morts-dans-un-seisme-dans-louest\/","title":{"rendered":"Au moins 26 morts dans un s\u00e9isme dans l&rsquo;ouest"},"content":{"rendered":"<div>Un s\u00e9isme a frapp\u00e9 lundi l&rsquo;ouest de l&rsquo;Afghanistan et fait au moins 26 morts, la plupart tu\u00e9s par l&rsquo;effondrement des toits de leurs maisons, selon un nouveau bilan fourni dans la soir\u00e9e par les autorit\u00e9s locales.<\/div>\n<p>Auteur:<br \/>\n<a href=\"https:\/\/www.lesoirdalgerie.com\/monde\/au-moins-26-morts-dans-un-seisme-dans-louest-73985\">Cliquez ici pour lire l&rsquo;article depuis sa source.<\/a><\/p>\n","protected":false},"excerpt":{"rendered":"<p>Un s\u00e9isme a frapp\u00e9 lundi l&rsquo;ouest de l&rsquo;Afghanistan et fait au moins 26 morts, la plupart tu\u00e9s par l&rsquo;effondrement des toits de leurs maisons, selon un nouveau bilan fourni dans la soir\u00e9e par les autorit\u00e9s locales. Auteur: Cliquez ici pour lire l&rsquo;article depuis sa source.<\/p>\n","protected":false},"author":1741,"featured_media":0,"comment_status":"closed","ping_status":"closed","sticky":false,"template":"","format":"standard","meta":{"fifu_image_url":"","fifu_image_alt":"","footnotes":""},"categories":[73,53],"tags":[],"class_list":["post-138918","post","type-post","status-publish","format-standard","hentry","category-actualite","category-algerie"],"_links":{"self":[{"href":"https:\/\/linitiative.ca\/International\/wp-json\/wp\/v2\/posts\/138918","targetHints":{"allow":["GET"]}}],"collection":[{"href":"https:\/\/linitiative.ca\/International\/wp-json\/wp\/v2\/posts"}],"about":[{"href":"https:\/\/linitiative.ca\/International\/wp-json\/wp\/v2\/types\/post"}],"author":[{"embeddable":true,"href":"https:\/\/linitiative.ca\/International\/wp-json\/wp\/v2\/users\/1741"}],"replies":[{"embeddable":true,"href":"https:\/\/linitiative.ca\/International\/wp-json\/wp\/v2\/comments?post=138918"}],"version-history":[{"count":0,"href":"https:\/\/linitiative.ca\/International\/wp-json\/wp\/v2\/posts\/138918\/revisions"}],"wp:attachment":[{"href":"https:\/\/linitiative.ca\/International\/wp-json\/wp\/v2\/media?parent=138918"}],"wp:term":[{"taxonomy":"category","embeddable":true,"href":"https:\/\/linitiative.ca\/International\/wp-json\/wp\/v2\/categories?post=138918"},{"taxonomy":"post_tag","embeddable":true,"href":"https:\/\/linitiative.ca\/International\/wp-json\/wp\/v2\/tags?post=138918"}],"curies":[{"name":"wp","href":"https:\/\/api.w.org\/{rel}","templated":true}]}}