{"id":138919,"date":"2022-01-19T05:00:00","date_gmt":"2022-01-19T10:00:00","guid":{"rendered":"https:\/\/linitiative.ca\/International\/reouverture-decoles-dans-le-nord-du-pays-apres-des-enlevements\/"},"modified":"2022-01-19T05:00:00","modified_gmt":"2022-01-19T10:00:00","slug":"reouverture-decoles-dans-le-nord-du-pays-apres-des-enlevements","status":"publish","type":"post","link":"https:\/\/linitiative.ca\/International\/reouverture-decoles-dans-le-nord-du-pays-apres-des-enlevements\/","title":{"rendered":"R\u00e9ouverture d&rsquo;\u00e9coles dans le nord du pays apr\u00e8s des enl\u00e8vements"},"content":{"rendered":"<div>L&rsquo;Etat de Zamfara dans le nord du Nigeria a rouvert une partie de ses \u00e9coles lundi quatre mois apr\u00e8s leur fermeture en raison d&rsquo;enl\u00e8vements de masse par des gangs criminels, a annonc\u00e9 le gouvernement local. Les<\/div>\n<p>Auteur:<br \/>\n<a href=\"https:\/\/www.lesoirdalgerie.com\/monde\/reouverture-decoles-dans-le-nord-du-pays-apres-des-enlevements-73984\">Cliquez ici pour lire l&rsquo;article depuis sa source.<\/a><\/p>\n","protected":false},"excerpt":{"rendered":"<p>L&rsquo;Etat de Zamfara dans le nord du Nigeria a rouvert une partie de ses \u00e9coles lundi quatre mois apr\u00e8s leur fermeture en raison d&rsquo;enl\u00e8vements de masse par des gangs criminels, a annonc\u00e9 le gouvernement local. Les Auteur: Cliquez ici pour lire l&rsquo;article depuis sa source.<\/p>\n","protected":false},"author":1741,"featured_media":0,"comment_status":"closed","ping_status":"closed","sticky":false,"template":"","format":"standard","meta":{"fifu_image_url":"","fifu_image_alt":"","footnotes":""},"categories":[73,53],"tags":[],"class_list":["post-138919","post","type-post","status-publish","format-standard","hentry","category-actualite","category-algerie"],"_links":{"self":[{"href":"https:\/\/linitiative.ca\/International\/wp-json\/wp\/v2\/posts\/138919","targetHints":{"allow":["GET"]}}],"collection":[{"href":"https:\/\/linitiative.ca\/International\/wp-json\/wp\/v2\/posts"}],"about":[{"href":"https:\/\/linitiative.ca\/International\/wp-json\/wp\/v2\/types\/post"}],"author":[{"embeddable":true,"href":"https:\/\/linitiative.ca\/International\/wp-json\/wp\/v2\/users\/1741"}],"replies":[{"embeddable":true,"href":"https:\/\/linitiative.ca\/International\/wp-json\/wp\/v2\/comments?post=138919"}],"version-history":[{"count":0,"href":"https:\/\/linitiative.ca\/International\/wp-json\/wp\/v2\/posts\/138919\/revisions"}],"wp:attachment":[{"href":"https:\/\/linitiative.ca\/International\/wp-json\/wp\/v2\/media?parent=138919"}],"wp:term":[{"taxonomy":"category","embeddable":true,"href":"https:\/\/linitiative.ca\/International\/wp-json\/wp\/v2\/categories?post=138919"},{"taxonomy":"post_tag","embeddable":true,"href":"https:\/\/linitiative.ca\/International\/wp-json\/wp\/v2\/tags?post=138919"}],"curies":[{"name":"wp","href":"https:\/\/api.w.org\/{rel}","templated":true}]}}