{"id":138920,"date":"2022-01-19T07:45:46","date_gmt":"2022-01-19T12:45:46","guid":{"rendered":"https:\/\/linitiative.ca\/International\/madrid-lonmt-deploie-une-task-force-pour-promouvoir-la-destination-maroc\/"},"modified":"2022-01-19T07:45:46","modified_gmt":"2022-01-19T12:45:46","slug":"madrid-lonmt-deploie-une-task-force-pour-promouvoir-la-destination-maroc","status":"publish","type":"post","link":"https:\/\/linitiative.ca\/International\/madrid-lonmt-deploie-une-task-force-pour-promouvoir-la-destination-maroc\/","title":{"rendered":"Madrid. L\u2019ONMT d\u00e9ploie une task force pour promouvoir la destination Maroc"},"content":{"rendered":"<div><img decoding=\"async\" width=\"810\" height=\"467\" src=\"https:\/\/linitiative.ca\/International\/wp-content\/uploads\/sites\/23\/2022\/01\/Photo-1-Equipe-ONMT-Madrid2.jpeg\" class=\"attachment-post-thumbnail size-post-thumbnail wp-post-image\" alt=\"\" loading=\"lazy\" srcset=\"https:\/\/linitiative.ca\/International\/wp-content\/uploads\/sites\/23\/2022\/01\/Photo-1-Equipe-ONMT-Madrid2.jpeg 810w, https:\/\/www.challenge.ma\/wp-content\/uploads\/2022\/01\/Photo-1-Equipe-ONMT-Madrid2-300x173.jpeg 300w, https:\/\/www.challenge.ma\/wp-content\/uploads\/2022\/01\/Photo-1-Equipe-ONMT-Madrid2-768x443.jpeg 768w, https:\/\/www.challenge.ma\/wp-content\/uploads\/2022\/01\/Photo-1-Equipe-ONMT-Madrid2-360x208.jpeg 360w, https:\/\/www.challenge.ma\/wp-content\/uploads\/2022\/01\/Photo-1-Equipe-ONMT-Madrid2-750x432.jpeg 750w\" sizes=\"auto, (max-width: 810px) 100vw, 810px\" itemprop=\"image\">Prenant part \u00e0 la 42\u00e8me \u00e9dition de la Feria Internacional del Turismo (FITUR) qui a d\u00e9marr\u00e9 ce mercredi 19 janvier 2022 \u00e0 la Foire de Madrid, l\u2019Office National Marocain du Tourisme (ONMT) entend pleinement valoriser la destination Maroc. Dans cette perspective, une nouvelle \u00e9quipe a \u00e9t\u00e9 d\u00e9ploy\u00e9e sur le march\u00e9<\/div>\n<p>Auteur: challenge<br \/>\n<a href=\"https:\/\/www.challenge.ma\/madrid-lonmt-deploie-une-task-force-pour-promouvoir-la-destination-maroc-230952\/\">Cliquez ici pour lire l&rsquo;article depuis sa source.<\/a><\/p>\n","protected":false},"excerpt":{"rendered":"<p>Prenant part \u00e0 la 42\u00e8me \u00e9dition de la Feria Internacional del Turismo (FITUR) qui a d\u00e9marr\u00e9 ce mercredi 19 janvier 2022 \u00e0 la Foire de Madrid, l\u2019Office National Marocain du Tourisme (ONMT) entend pleinement valoriser la destination Maroc. Dans cette perspective, une nouvelle \u00e9quipe a \u00e9t\u00e9 d\u00e9ploy\u00e9e sur le march\u00e9 Auteur: challenge Cliquez ici pour [&hellip;]<\/p>\n","protected":false},"author":1787,"featured_media":0,"comment_status":"closed","ping_status":"closed","sticky":false,"template":"","format":"standard","meta":{"fifu_image_url":"https:\/\/www.challenge.ma\/wp-content\/uploads\/2022\/01\/Photo-1-Equipe-ONMT-Madrid2.jpeg","fifu_image_alt":"Madrid. L\u2019ONMT d\u00e9ploie une task force pour promouvoir la destination Maroc","footnotes":""},"categories":[78,54],"tags":[],"class_list":["post-138920","post","type-post","status-publish","format-standard","hentry","category-economie","category-maroc"],"_links":{"self":[{"href":"https:\/\/linitiative.ca\/International\/wp-json\/wp\/v2\/posts\/138920","targetHints":{"allow":["GET"]}}],"collection":[{"href":"https:\/\/linitiative.ca\/International\/wp-json\/wp\/v2\/posts"}],"about":[{"href":"https:\/\/linitiative.ca\/International\/wp-json\/wp\/v2\/types\/post"}],"author":[{"embeddable":true,"href":"https:\/\/linitiative.ca\/International\/wp-json\/wp\/v2\/users\/1787"}],"replies":[{"embeddable":true,"href":"https:\/\/linitiative.ca\/International\/wp-json\/wp\/v2\/comments?post=138920"}],"version-history":[{"count":0,"href":"https:\/\/linitiative.ca\/International\/wp-json\/wp\/v2\/posts\/138920\/revisions"}],"wp:attachment":[{"href":"https:\/\/linitiative.ca\/International\/wp-json\/wp\/v2\/media?parent=138920"}],"wp:term":[{"taxonomy":"category","embeddable":true,"href":"https:\/\/linitiative.ca\/International\/wp-json\/wp\/v2\/categories?post=138920"},{"taxonomy":"post_tag","embeddable":true,"href":"https:\/\/linitiative.ca\/International\/wp-json\/wp\/v2\/tags?post=138920"}],"curies":[{"name":"wp","href":"https:\/\/api.w.org\/{rel}","templated":true}]}}