{"id":138924,"date":"2022-01-19T11:14:35","date_gmt":"2022-01-19T16:14:35","guid":{"rendered":"https:\/\/linitiative.ca\/International\/voyage-des-etrangers-residents-au-maroc-loffice-des-changes-adresse-une-clarification-aux-banques\/"},"modified":"2022-01-19T11:14:35","modified_gmt":"2022-01-19T16:14:35","slug":"voyage-des-etrangers-residents-au-maroc-loffice-des-changes-adresse-une-clarification-aux-banques","status":"publish","type":"post","link":"https:\/\/linitiative.ca\/International\/voyage-des-etrangers-residents-au-maroc-loffice-des-changes-adresse-une-clarification-aux-banques\/","title":{"rendered":"Voyage des \u00e9trangers r\u00e9sidents au Maroc. L\u2019Office des changes adresse une clarification aux banques"},"content":{"rendered":"<div><img decoding=\"async\" width=\"858\" height=\"465\" src=\"https:\/\/linitiative.ca\/International\/wp-content\/uploads\/sites\/23\/2022\/01\/Hassan-Boulknadel-directeur-general-de-lOffice-des-changes.png\" class=\"attachment-post-thumbnail size-post-thumbnail wp-post-image\" alt=\"\" loading=\"lazy\" srcset=\"https:\/\/linitiative.ca\/International\/wp-content\/uploads\/sites\/23\/2022\/01\/Hassan-Boulknadel-directeur-general-de-lOffice-des-changes.png 858w, https:\/\/www.challenge.ma\/wp-content\/uploads\/2022\/01\/Hassan-Boulknadel-directeur-general-de-lOffice-des-changes-300x163.png 300w, https:\/\/www.challenge.ma\/wp-content\/uploads\/2022\/01\/Hassan-Boulknadel-directeur-general-de-lOffice-des-changes-768x416.png 768w, https:\/\/www.challenge.ma\/wp-content\/uploads\/2022\/01\/Hassan-Boulknadel-directeur-general-de-lOffice-des-changes-360x195.png 360w, https:\/\/www.challenge.ma\/wp-content\/uploads\/2022\/01\/Hassan-Boulknadel-directeur-general-de-lOffice-des-changes-750x406.png 750w\" sizes=\"auto, (max-width: 858px) 100vw, 858px\" itemprop=\"image\">Suite aux nouvelles mesures \u00e9mises par l\u2019Office des changes et relatives \u00e0 la lib\u00e9ralisation et \u00e0 l\u2019assouplissement de la r\u00e9glementation des changes, Hassan Boulaknadal, Directeur de l\u2019Office, a adress\u00e9 un courrier au Groupement Professionnel des Banques du Maroc (GPBM). Le patron de l\u2019Office des Changes entend apporter une clarification sur<\/div>\n<p>Auteur: challenge<br \/>\n<a href=\"https:\/\/www.challenge.ma\/voyage-des-etrangers-residents-au-maroc-loffice-des-changes-adresse-une-clarification-aux-banques-230982\/\">Cliquez ici pour lire l&rsquo;article depuis sa source.<\/a><\/p>\n","protected":false},"excerpt":{"rendered":"<p>Suite aux nouvelles mesures \u00e9mises par l\u2019Office des changes et relatives \u00e0 la lib\u00e9ralisation et \u00e0 l\u2019assouplissement de la r\u00e9glementation des changes, Hassan Boulaknadal, Directeur de l\u2019Office, a adress\u00e9 un courrier au Groupement Professionnel des Banques du Maroc (GPBM). Le patron de l\u2019Office des Changes entend apporter une clarification sur Auteur: challenge Cliquez ici pour [&hellip;]<\/p>\n","protected":false},"author":1787,"featured_media":0,"comment_status":"closed","ping_status":"closed","sticky":false,"template":"","format":"standard","meta":{"fifu_image_url":"https:\/\/www.challenge.ma\/wp-content\/uploads\/2022\/01\/Hassan-Boulknadel-directeur-general-de-lOffice-des-changes.png","fifu_image_alt":"Voyage des \u00e9trangers r\u00e9sidents au Maroc. L\u2019Office des changes adresse une clarification aux banques","footnotes":""},"categories":[78,54],"tags":[],"class_list":["post-138924","post","type-post","status-publish","format-standard","hentry","category-economie","category-maroc"],"_links":{"self":[{"href":"https:\/\/linitiative.ca\/International\/wp-json\/wp\/v2\/posts\/138924","targetHints":{"allow":["GET"]}}],"collection":[{"href":"https:\/\/linitiative.ca\/International\/wp-json\/wp\/v2\/posts"}],"about":[{"href":"https:\/\/linitiative.ca\/International\/wp-json\/wp\/v2\/types\/post"}],"author":[{"embeddable":true,"href":"https:\/\/linitiative.ca\/International\/wp-json\/wp\/v2\/users\/1787"}],"replies":[{"embeddable":true,"href":"https:\/\/linitiative.ca\/International\/wp-json\/wp\/v2\/comments?post=138924"}],"version-history":[{"count":0,"href":"https:\/\/linitiative.ca\/International\/wp-json\/wp\/v2\/posts\/138924\/revisions"}],"wp:attachment":[{"href":"https:\/\/linitiative.ca\/International\/wp-json\/wp\/v2\/media?parent=138924"}],"wp:term":[{"taxonomy":"category","embeddable":true,"href":"https:\/\/linitiative.ca\/International\/wp-json\/wp\/v2\/categories?post=138924"},{"taxonomy":"post_tag","embeddable":true,"href":"https:\/\/linitiative.ca\/International\/wp-json\/wp\/v2\/tags?post=138924"}],"curies":[{"name":"wp","href":"https:\/\/api.w.org\/{rel}","templated":true}]}}