{"id":138933,"date":"2022-01-19T16:50:43","date_gmt":"2022-01-19T21:50:43","guid":{"rendered":"https:\/\/linitiative.ca\/International\/kef-coronavirus-imposition-du-couvre-feu-a-partir-de-ce-soir\/"},"modified":"2022-01-19T16:50:43","modified_gmt":"2022-01-19T21:50:43","slug":"kef-coronavirus-imposition-du-couvre-feu-a-partir-de-ce-soir","status":"publish","type":"post","link":"https:\/\/linitiative.ca\/International\/kef-coronavirus-imposition-du-couvre-feu-a-partir-de-ce-soir\/","title":{"rendered":"Kef-Coronavirus : Imposition du couvre-feu \u00e0 partir de ce soir"},"content":{"rendered":"<div>\n<p>Le Gouverneur du Kef, a d\u00e9cid\u00e9 l\u2019imposition du couvre-feu sur l\u2019ensemble de la r\u00e9gion de 22H00 \u00e0 05H00, \u00e0 compter de ce soir 19 janvier 2022 et pour une dur\u00e9e de 15 jours. Les travailleurs pendant la nuit et les cas sanitaires urgents sont exempt\u00e9s de cette mesure.<\/p>\n<p>L\u2019article <a href=\"https:\/\/www.tunisienumerique.com\/kef-coronavirus-imposition-du-couvre-feu-a-partir-de-ce-soir\/\">Kef-Coronavirus : Imposition du couvre-feu \u00e0 partir de ce soir<\/a> est apparu en premier sur <a href=\"https:\/\/www.tunisienumerique.com\/\">Tunisie<\/a>.<\/p>\n<\/div>\n<p>Auteur: rania ben slimane<br \/>\n<a href=\"https:\/\/www.tunisienumerique.com\/kef-coronavirus-imposition-du-couvre-feu-a-partir-de-ce-soir\/\">Cliquez ici pour lire l&rsquo;article depuis sa source.<\/a><\/p>\n","protected":false},"excerpt":{"rendered":"<p>Le Gouverneur du Kef, a d\u00e9cid\u00e9 l\u2019imposition du couvre-feu sur l\u2019ensemble de la r\u00e9gion de 22H00 \u00e0 05H00, \u00e0 compter de ce soir 19 janvier 2022 et pour une dur\u00e9e de 15 jours. Les travailleurs pendant la nuit et les cas sanitaires urgents sont exempt\u00e9s de cette mesure. L\u2019article Kef-Coronavirus : Imposition du couvre-feu \u00e0 [&hellip;]<\/p>\n","protected":false},"author":1789,"featured_media":0,"comment_status":"closed","ping_status":"closed","sticky":false,"template":"","format":"standard","meta":{"fifu_image_url":"","fifu_image_alt":"","footnotes":""},"categories":[73,55],"tags":[],"class_list":["post-138933","post","type-post","status-publish","format-standard","hentry","category-actualite","category-tunisie"],"_links":{"self":[{"href":"https:\/\/linitiative.ca\/International\/wp-json\/wp\/v2\/posts\/138933","targetHints":{"allow":["GET"]}}],"collection":[{"href":"https:\/\/linitiative.ca\/International\/wp-json\/wp\/v2\/posts"}],"about":[{"href":"https:\/\/linitiative.ca\/International\/wp-json\/wp\/v2\/types\/post"}],"author":[{"embeddable":true,"href":"https:\/\/linitiative.ca\/International\/wp-json\/wp\/v2\/users\/1789"}],"replies":[{"embeddable":true,"href":"https:\/\/linitiative.ca\/International\/wp-json\/wp\/v2\/comments?post=138933"}],"version-history":[{"count":0,"href":"https:\/\/linitiative.ca\/International\/wp-json\/wp\/v2\/posts\/138933\/revisions"}],"wp:attachment":[{"href":"https:\/\/linitiative.ca\/International\/wp-json\/wp\/v2\/media?parent=138933"}],"wp:term":[{"taxonomy":"category","embeddable":true,"href":"https:\/\/linitiative.ca\/International\/wp-json\/wp\/v2\/categories?post=138933"},{"taxonomy":"post_tag","embeddable":true,"href":"https:\/\/linitiative.ca\/International\/wp-json\/wp\/v2\/tags?post=138933"}],"curies":[{"name":"wp","href":"https:\/\/api.w.org\/{rel}","templated":true}]}}