{"id":138935,"date":"2022-01-19T17:00:27","date_gmt":"2022-01-19T22:00:27","guid":{"rendered":"https:\/\/linitiative.ca\/International\/vaccination-contre-la-covid-19-la-campagne-nationale-dintensification-expliquee-aux-journalistes\/"},"modified":"2022-01-19T17:00:27","modified_gmt":"2022-01-19T22:00:27","slug":"vaccination-contre-la-covid-19-la-campagne-nationale-dintensification-expliquee-aux-journalistes","status":"publish","type":"post","link":"https:\/\/linitiative.ca\/International\/vaccination-contre-la-covid-19-la-campagne-nationale-dintensification-expliquee-aux-journalistes\/","title":{"rendered":"Vaccination contre la COVID-19  : la campagne nationale d\u2019intensification expliqu\u00e9e aux journalistes"},"content":{"rendered":"<div>\n<p><strong>La direction r\u00e9gionale de la Sant\u00e9, de l\u2019Hygi\u00e8ne publique et du Bien-\u00eatre des Hauts-Bassins a entretenu les journalistes sur la campagne nationale d\u2019intensification de la vaccination contre la COVID-19, pr\u00e9vue du 21 au 27 janvier 2022. C\u2019\u00e9tait le mercredi 19 janvier 2022 \u00e0 Bobo-Dioulasso. <\/strong><\/p>\n<p>Le minist\u00e8re de la Sant\u00e9, de l\u2019Hygi\u00e8ne publique et du Bien-\u00eatre organise du 21 au 27 janvier 2022 dans les 13 r\u00e9gions du Burkina Faso, une campagne nationale d\u2019intensification de la vaccination contre la COVID-19. Pour r\u00e9ussir la campagne dans les Hauts-Bassins, la direction r\u00e9gionale du d\u00e9partement a rencontr\u00e9 les journalistes de Bobo-Dioulasso pour les en informer afin que ceux-ci sensibilisent \u00e0 leur tour les populations \u00e0 adh\u00e9rer \u00e0 la vaccination. Selon le directeur r\u00e9gional en charge de la sant\u00e9 des Hauts-Bassins, Dr Rodrigue Diao, il sera question, au cours de cette campagne, d\u2019aller \u00e0 la rencontre des populations dans les zones d\u2019attroupements massifs et de leur proposer les vaccins disponibles pour une immunisation contre la maladie \u00e0 coronavirus. Pour M. Diao, les campagnes de vaccination intensives sont l\u2019occasion d\u2019atteindre au maximum la cible. \u00ab Lors de la campagne d\u2019intensification pr\u00e9c\u00e9dente, nous avons pu atteindre, en 10 jours, l\u2019effectif que le pays tout entier n\u2019avait pas atteint depuis le d\u00e9but de la vaccination. C\u2019est la raison pour laquelle nous pensons que nous devrons aller plus \u00e0 la rencontre des populations \u00bb, a-t-il estim\u00e9. A en croire Rodrigue Diao, tous les vaccins disponibles sont s\u00fbrs et fiables. \u00ab Dans notre r\u00e9gion, nous avons enregistr\u00e9 entre juin 2021 et janvier 2022, un total de 319 657 vaccin\u00e9s dont 4 367 agents de sant\u00e9. Les vaccins sont cr\u00e9dibles et aucun effet ind\u00e9sirable majeur nous a \u00e9t\u00e9 signifi\u00e9 \u00bb, a-t-il laiss\u00e9 entendre. A suivre le directeur r\u00e9gional de la Sant\u00e9, aucune des victimes (d\u00e9c\u00e8s) de la COVID-19 que la r\u00e9gion a enregistr\u00e9es n\u2019\u00e9taient vaccin\u00e9es. \u00ab Nous avons enregistr\u00e9 46 d\u00e9c\u00e8s, et aucun d\u2019entre eux n\u2019avait fait son vaccin \u00bb, a pr\u00e9cis\u00e9 Dr Diao. Le directeur r\u00e9gional de la Sant\u00e9 a alors demand\u00e9 aux journalistes, leur soutien et leur accompagnement, en donnant la bonne information aux populations pour \u00e9radiquer la pand\u00e9mie.<\/p>\n<p><strong>Adaman DRABO <\/strong><\/p>\n<p><strong>Sosth\u00e8ne SOMBIE (Stagiaire) <\/strong><\/p>\n<p>L\u2019article <a rel=\"nofollow\" href=\"https:\/\/www.sidwaya.info\/blog\/2022\/01\/19\/vaccination-contre-la-covid-19-la-campagne-nationale-dintensification-expliquee-aux-journalistes\/\">Vaccination contre la COVID-19  : la campagne nationale d\u2019intensification expliqu\u00e9e aux journalistes<\/a> est apparu en premier sur <a rel=\"nofollow\" href=\"https:\/\/www.sidwaya.info\/\">Quotidien Sidwaya<\/a>.<\/p>\n<\/div>\n<p>Auteur: JK. Sidwaya<br \/>\n<a href=\"https:\/\/www.sidwaya.info\/blog\/2022\/01\/19\/vaccination-contre-la-covid-19-la-campagne-nationale-dintensification-expliquee-aux-journalistes\/?utm_source=rss&#038;utm_medium=rss&#038;utm_campaign=vaccination-contre-la-covid-19-la-campagne-nationale-dintensification-expliquee-aux-journalistes\">Cliquez ici pour lire l&rsquo;article depuis sa source.<\/a><\/p>\n","protected":false},"excerpt":{"rendered":"<p>La direction r\u00e9gionale de la Sant\u00e9, de l\u2019Hygi\u00e8ne publique et du Bien-\u00eatre des Hauts-Bassins a entretenu les journalistes sur la campagne nationale d\u2019intensification de la vaccination contre la COVID-19, pr\u00e9vue du 21 au 27 janvier 2022. C\u2019\u00e9tait le mercredi 19 janvier 2022 \u00e0 Bobo-Dioulasso. Le minist\u00e8re de la Sant\u00e9, de l\u2019Hygi\u00e8ne publique et du Bien-\u00eatre [&hellip;]<\/p>\n","protected":false},"author":1816,"featured_media":0,"comment_status":"closed","ping_status":"closed","sticky":false,"template":"","format":"standard","meta":{"fifu_image_url":"","fifu_image_alt":"","footnotes":""},"categories":[73,81],"tags":[],"class_list":["post-138935","post","type-post","status-publish","format-standard","hentry","category-actualite","category-burkina-faso"],"_links":{"self":[{"href":"https:\/\/linitiative.ca\/International\/wp-json\/wp\/v2\/posts\/138935","targetHints":{"allow":["GET"]}}],"collection":[{"href":"https:\/\/linitiative.ca\/International\/wp-json\/wp\/v2\/posts"}],"about":[{"href":"https:\/\/linitiative.ca\/International\/wp-json\/wp\/v2\/types\/post"}],"author":[{"embeddable":true,"href":"https:\/\/linitiative.ca\/International\/wp-json\/wp\/v2\/users\/1816"}],"replies":[{"embeddable":true,"href":"https:\/\/linitiative.ca\/International\/wp-json\/wp\/v2\/comments?post=138935"}],"version-history":[{"count":0,"href":"https:\/\/linitiative.ca\/International\/wp-json\/wp\/v2\/posts\/138935\/revisions"}],"wp:attachment":[{"href":"https:\/\/linitiative.ca\/International\/wp-json\/wp\/v2\/media?parent=138935"}],"wp:term":[{"taxonomy":"category","embeddable":true,"href":"https:\/\/linitiative.ca\/International\/wp-json\/wp\/v2\/categories?post=138935"},{"taxonomy":"post_tag","embeddable":true,"href":"https:\/\/linitiative.ca\/International\/wp-json\/wp\/v2\/tags?post=138935"}],"curies":[{"name":"wp","href":"https:\/\/api.w.org\/{rel}","templated":true}]}}