{"id":138936,"date":"2022-01-19T17:08:37","date_gmt":"2022-01-19T22:08:37","guid":{"rendered":"https:\/\/linitiative.ca\/International\/conseil-des-ministres-du-mercredi-19-janvier-2022\/"},"modified":"2022-01-19T17:08:37","modified_gmt":"2022-01-19T22:08:37","slug":"conseil-des-ministres-du-mercredi-19-janvier-2022","status":"publish","type":"post","link":"https:\/\/linitiative.ca\/International\/conseil-des-ministres-du-mercredi-19-janvier-2022\/","title":{"rendered":"Conseil des ministres du mercredi 19 janvier 2022"},"content":{"rendered":"<div>\n<p><strong>Le Conseil des ministres s\u2019est tenu \u00e0 Ouagadougou, le mercredi 19 janvier 2022, en s\u00e9ance ordinaire, de 09 H 00 mn \u00e0 12 H 45 mn, sous la pr\u00e9sidence de Son Excellence Monsieur Roch Marc Christian KABORE, Pr\u00e9sident du Faso, Pr\u00e9sident du Conseil des ministres. Il a d\u00e9lib\u00e9r\u00e9 sur les dossiers inscrits \u00e0 son ordre du jour, entendu des communications orales, proc\u00e9d\u00e9 \u00e0 des nominations et autoris\u00e9 des missions \u00e0 l\u2019\u00e9tranger.<\/strong><\/p>\n<p><strong>I. DELIBERATIONS I.1. <\/strong><\/p>\n<p><strong>AU TITRE DU MINISTERE DE L\u2019ECONOMIE, DES FINANCES ET DU PLAN <\/strong><\/p>\n<p>Le Conseil a adopt\u00e9 trois (03) d\u00e9crets. Le premier d\u00e9cret porte autorisation de perception de recettes au titre des prestations li\u00e9es \u00e0 la d\u00e9livrance des visas d\u2019entr\u00e9e et permis de s\u00e9jour du Burkina Faso et de publicit\u00e9 sur la plateforme \u00ab\u00a0e-VisaBurkina\u00a0\u00bb. Le \u00ab\u00a0e-VisaBurkina\u00a0\u00bb est une plateforme permettant la d\u00e9livrance du visa \u00e9lectronique (e-visa) pour tout \u00e9tranger qui en fait la demande en ligne. Ce syst\u00e8me comprend la soumission de la demande de visa, le traitement de la demande, le contr\u00f4le du visa, la prorogation du visa et un espace publicitaire. Il offre \u00e9galement la possibilit\u00e9 d\u2019effectuer le r\u00e8glement des frais des prestations sollicit\u00e9es par le biais d\u2019une passerelle de paiement. Ce d\u00e9cret vise la relecture du d\u00e9cret n\u00b02013-772 \/ PRES \/ PM \/ MEF \/ MAECR \/ MATS du 17 septembre 2013 portant tarification des prestations de service dans les missions diplomatiques et consulaires et \u00e0 l\u2019administration centrale, en vue de prendre en compte l\u2019\u00e9volution socio\u00e9conomique et technologique et les nouvelles prestations y relatives. L\u2019adoption de ce d\u00e9cret permet de se conformer aux dispositions de l\u2019article 12 de la loi organique n\u00b0073-2015\/CNT du 06 novembre 2015 relative aux lois de finances et d\u2019accro\u00eetre la part contributive de ce type de prestations au budget de l\u2019Etat. Le deuxi\u00e8me d\u00e9cret porte attributions, organisation et fonctionnement de l\u2019Unit\u00e9 de partenariat public-priv\u00e9. L\u2019adoption de ce d\u00e9cret permet de disposer d\u2019un centre de ressources et d\u2019expertises pour accompagner les acteurs impliqu\u00e9s dans le processus de mise en \u0153uvre des projets de partenariat public-priv\u00e9, en application de l\u2019article 8 de la loi n\u00b0032-2021\/AN du 25 juin 2021 portant cadre juridique et institutionnel du partenariat public-priv\u00e9 au Burkina Faso. Le troisi\u00e8me d\u00e9cret porte cr\u00e9ation, attributions et organisation de l\u2019Observatoire de la qualit\u00e9 des services financiers du Burkina Faso (OQSF-BF). L\u2019Observatoire de la qualit\u00e9 des services financiers du Burkina Faso est un organe d\u2019appui \u00e0 la promotion de l\u2019inclusion financi\u00e8re, de veille, de suivi de la qualit\u00e9 des produits et services financiers et de m\u00e9diation financi\u00e8re entre les prestataires de services financiers et leurs clients. La mise en place de cet organe vise \u00e0 assurer la protection des clients\/usagers des services financiers et \u00e0 renforcer leurs capacit\u00e9s en \u00e9ducation financi\u00e8re. L\u2019adoption de ce d\u00e9cret permet \u00e0 notre pays de se doter d\u2019un m\u00e9canisme de m\u00e9diation financi\u00e8re en vue de renforcer la protection des clients\/usagers et d\u2019am\u00e9liorer l\u2019acc\u00e8s et l\u2019utilisation des services financiers formels par les populations du Burkina Faso.<\/p>\n<p><strong>I.2. AU TITRE DU MINISTERE DE L\u2019ENSEIGNEMENT SUPERIEUR, DE LA RECHERCHE ET DE L\u2019INNOVATION <\/strong><\/p>\n<p>Le Conseil a adopt\u00e9 quatre (04) rapports. Le premier rapport est relatif aux r\u00e9sultats des candidats du Burkina Faso \u00e0 la 43\u00e8me session des Comit\u00e9s consultatifs interafricains (CCI) du Conseil africain et malgache pour l\u2019enseignement sup\u00e9rieur (CAMES), tenue du 12 juillet au 31 ao\u00fbt 2021. Le Burkina Faso a enregistr\u00e9 361 admis sur 375 candidats pr\u00e9sent\u00e9s \u00e0 la 43\u00e8me session des CCI du CAMES, soit un taux de succ\u00e8s de 95,25%. Le Conseil f\u00e9licite ces enseignants-chercheurs pour cette performance qui vient renforcer les capacit\u00e9s d\u2019encadrement au niveau de l\u2019enseignement sup\u00e9rieur dans notre pays et lance un appel \u00e0 un engagement de tous les promus et de l\u2019ensemble des acteurs pour une r\u00e9sorption des chevauchements des ann\u00e9es acad\u00e9miques. Le deuxi\u00e8me rapport est relatif \u00e0 deux (02) d\u00e9crets portant respectivement cr\u00e9ation d\u2019emplois et nomination d\u2019Enseignants-chercheurs dans l\u2019emploi de Ma\u00eetre de conf\u00e9rences \u00e0 l\u2019Universit\u00e9 de D\u00e9dougou. L\u2019adoption de ces d\u00e9crets permet la cr\u00e9ation de quatorze (14) emplois d\u2019Enseignants-chercheurs dont neuf (09) emplois de Ma\u00eetre de conf\u00e9rences et cinq (05) emplois de Ma\u00eetres-assistants et la nomination de neuf (09) Ma\u00eetres de conf\u00e9rences. Le troisi\u00e8me rapport est relatif \u00e0 deux (02) d\u00e9crets portant respectivement cr\u00e9ation d\u2019emplois et nomination d\u2019Enseignants-chercheurs dans les emplois de Professeur titulaire et de Ma\u00eetre de conf\u00e9rences \u00e0 l\u2019Universit\u00e9 Norbert ZONGO. L\u2019adoption de ces d\u00e9crets permet la cr\u00e9ation de deux (02) emplois de Professeur titulaire, de onze (11) emplois de Ma\u00eetre de conf\u00e9rences et de dix (10) emplois de Ma\u00eetres-assistants et la nomination de deux (02) Professeurs titulaires et de onze (11) Ma\u00eetres de conf\u00e9rences \u00e0 l\u2019Universit\u00e9 Norbert ZONGO. Le quatri\u00e8me rapport est relatif \u00e0 deux (02) d\u00e9crets portant respectivement cr\u00e9ation d\u2019emplois et nomination d\u2019Enseignant-chercheur dans l\u2019emploi de Ma\u00eetre de conf\u00e9rences \u00e0 l\u2019Universit\u00e9 de Ouahigouya. L\u2019adoption de ces d\u00e9crets permet la cr\u00e9ation d\u2019un (01) emploi de Ma\u00eetre de conf\u00e9rences, de quatre (04) emplois de Ma\u00eetres-assistants et de trois (03) emplois de Ma\u00eetres-assistants hospitalo-universitaires et la nomination d\u2019un (01) Ma\u00eetre de conf\u00e9rences \u00e0 l\u2019Universit\u00e9 de Ouahigouya.<\/p>\n<p><strong>I.3. AU TITRE DU MINISTERE DES TRANSPORTS, DE LA MOBILITE URBAINE ET DE LA SECURITE ROUTIERE <\/strong><\/p>\n<p>Le Conseil a adopt\u00e9 un d\u00e9cret portant cr\u00e9ation, composition, attributions et fonctionnement du Comit\u00e9 national de s\u00fbret\u00e9 de l\u2019aviation civile (CNSAC). Le CNSAC a pour mission l\u2019\u00e9laboration des lignes directrices de la Politique nationale du Burkina Faso en mati\u00e8re de s\u00fbret\u00e9 de l\u2019aviation civile. L\u2019adoption de ce d\u00e9cret permet au Comit\u00e9 national de s\u00fbret\u00e9 de l\u2019aviation civile d\u2019assurer efficacement ses missions.<\/p>\n<p><strong> II. COMMUNICATIONS ORALES II.<\/strong><\/p>\n<p><strong>1. Le ministre de l\u2019Administration territoriale, de la d\u00e9centralisation et de la s\u00e9curit\u00e9<\/strong> a pr\u00e9sent\u00e9 au Conseil le niveau d\u2019ex\u00e9cution des travaux du 11 d\u00e9cembre dans la R\u00e9gion du Plateau-Central. Le rapport de suivi fait ressortir un taux de r\u00e9alisation relativement satisfaisant au niveau des travaux de l\u2019Etat. Le Conseil a instruit les ministres charg\u00e9s du dossier de fixer des d\u00e9lais fermes d\u2019ach\u00e8vement et de mise \u00e0 disposition desdites infrastructures. II.2. Le ministre des Sports, de l\u2019autonomisation des jeunes et de l\u2019emploi a inform\u00e9 le Conseil de la qualification des Etalons en 8e de finale de la 33e \u00e9dition de la Coupe d\u2019Afrique des Nations de Football, Cameroun 2021. Le Conseil f\u00e9licite l\u2019\u00e9quipe nationale pour cette victoire d\u2019\u00e9tape. Il invite la population \u00e0 rester mobilis\u00e9e autour du 11 National pour la suite de la comp\u00e9tition.<\/p>\n<p><strong>III. NOMINATIONS III.<\/strong><\/p>\n<p><strong>1. NOMINATIONS DANS LES FONCTIONS INDIVIDUELLES AU TITRE DE LA PRESIDENCE DU FASO <\/strong><\/p>\n<p>Monsieur Victor SANON, Mle 29\u00a0430, Juriste-Communicateur, est nomm\u00e9 Directeur ex\u00e9cutif du Centre d\u2019analyse des politiques \u00e9conomiques et sociales (CAPES).<\/p>\n<p>AU TITRE DU MINISTERE DE L\u2019ECONOMIE, DES FINANCES ET DU PLAN<\/p>\n<p>Monsieur Jean-Marie ROUAMBA, Mle 34 041 G, Inspecteur des imp\u00f4ts, 1\u00e8re classe, 10\u00e8me \u00e9chelon, est nomm\u00e9 Inspecteur technique des imp\u00f4ts ; Monsieur Abou SIRI, Mle 43 137 W, Inspecteur des imp\u00f4ts, 1\u00e8re classe, 9\u00e8me \u00e9chelon, est nomm\u00e9 Directeur des enqu\u00eates et de la recherche fiscale ; Monsieur Idrissa OUEDRAOGO, Mle 111 063 P, Inspecteur des imp\u00f4ts, 1\u00e8re classe, 7\u00e8me \u00e9chelon, est nomm\u00e9 Directeur de la l\u00e9gislation et du contentieux ; Monsieur Mayel DABIRE, Mle 49 078 N, Inspecteur des imp\u00f4ts, 1\u00e8re classe, 8\u00e8me \u00e9chelon, est nomm\u00e9 Directeur des moyennes entreprises du Centre III ; Monsieur Augustin KOUELA, Mle 91 250 R, Inspecteur des imp\u00f4ts, 1\u00e8re classe, 9\u00e8me \u00e9chelon, est nomm\u00e9 Directeur du Centre des imp\u00f4ts de Ouaga VI ; Monsieur Amb\u00e8terfa Nicolas SOME, Mle 53 637 D, Inspecteur des imp\u00f4ts, 1\u00e8re classe, 7\u00e8me \u00e9chelon, est nomm\u00e9 Directeur r\u00e9gional des imp\u00f4ts du Centre-Est ; Monsieur Jo\u00ebl DINABA, Mle 261 234 A, Inspecteur des imp\u00f4ts, 1\u00e8re classe, 2\u00e8me \u00e9chelon, est nomm\u00e9 Directeur provincial des imp\u00f4ts du Ioba ; Monsieur Zakaria OUEDRAOGO, Mle 112 518 Y, Contr\u00f4leur des imp\u00f4ts, 1\u00e8re classe, 7\u00e8me \u00e9chelon, est nomm\u00e9 Directeur provincial des imp\u00f4ts de la Kompienga ; Monsieur Ti\u00e8ta Romaric HIEN, Mle 334 229 H, Inspecteur des imp\u00f4ts, 1\u00e8re classe, 2\u00e8me \u00e9chelon, est nomm\u00e9 Directeur provincial des imp\u00f4ts de la L\u00e9raba.<\/p>\n<p>AU TITRE DU MINISTERE DE L\u2019EDUCATION NATIONALE, DE L\u2019ALPHABETISATION ET DE LA PROMOTION DES LANGUES NATIONALES Madame Monique TAONDA \/ KANTIONO, Mle 20 121 J, Inspectrice de l\u2019enseignement du premier degr\u00e9, 1\u00e8re classe, 14\u00e8me \u00e9chelon, est nomm\u00e9e Conseiller technique en remplacement de Madame Bernadette YAMEOGO\/NANA ; Monsieur Alexis KYELEM, Mle 41 124 V, Professeur certifi\u00e9 des lyc\u00e9es et coll\u00e8ges, 1\u00e8re classe, 14\u00e8me \u00e9chelon, est nomm\u00e9 Charg\u00e9 de Missions ; Monsieur Souleymane NIGNAN, Mle 32 290 Y, Professeur certifi\u00e9 des lyc\u00e9es et coll\u00e8ges, 1\u00e8re classe, 11\u00e8me \u00e9chelon, est nomm\u00e9 Charg\u00e9 de Missions ; Monsieur David DAKUYO, Mle 86 091 E, Inspecteur de l\u2019enseignement secondaire, 1\u00e8re classe, 8\u00e8me \u00e9chelon, est nomm\u00e9 Directeur de l\u2019enseignement et la formation techniques et professionnels initiaux ; Monsieur Issa OUEDRAOGO, Mle 26 696 A, Inspecteur de l\u2019enseignement secondaire, 2\u00e8me classe, 12\u00e8me \u00e9chelon, est nomm\u00e9 Directeur de l\u2019examen du Baccalaur\u00e9at ; Monsieur Evariste Eros BEREHOUDOUGOU, Mle 44 086 T, Inspecteur de l\u2019enseignement secondaire, cat\u00e9gorie PB, 2\u00e8me classe, 10\u00e8me \u00e9chelon, est nomm\u00e9 Directeur g\u00e9n\u00e9ral de l\u2019\u00e9ducation formelle g\u00e9n\u00e9rale ; Madame Y\u00e9ri Florence St\u00e9phanie GUIRA\/PODA, Mle 36 324 T, Professeur certifi\u00e9 des lyc\u00e9es et coll\u00e8ges\/Planificatrice de l\u2019\u00e9ducation, 1\u00e8re classe, 14\u00e8me \u00e9chelon, est nomm\u00e9e Secr\u00e9taire permanent du Plan de d\u00e9veloppement de l\u2019\u00e9ducation de base et de l\u2019enseignement secondaire (SP-PDEBS) ; Madame Bernadette YAMEOGO\/NANA, Mle 20 106 R, Inspectrice de l\u2019enseignement du premier degr\u00e9, 1\u00e8re classe, 13\u00e8me \u00e9chelon, est nomm\u00e9e Directrice de l\u2019enseignement primaire ; Monsieur Victor DEMBELE, Mle 235 907 Z, Inspecteur du tr\u00e9sor, 1\u00e8re classe, 5\u00e8me \u00e9chelon, est nomm\u00e9 Directeur de l\u2019administration des finances du Centre national des manuels et fournitures scolaires (CENAMAFS) ; Monsieur Gilbert BADO, Mle 92 875 N, Professeur certifi\u00e9, 1\u00e8re classe, 11\u00e8me \u00e9chelon, est nomm\u00e9 Directeur des enseignements post-primaire g\u00e9n\u00e9ral et secondaire g\u00e9n\u00e9ral ; Monsieur Ganin BONOGO, Mle 43 297 V, Inspecteur de l\u2019enseignement secondaire, cat\u00e9gorie PB, 1\u00e8re classe, 17\u00e8me \u00e9chelon, est nomm\u00e9 Directeur provincial des enseignements post-primaire et secondaire de la Gnagna ; Monsieur Adama TONDE, Mle 54 563 V, Inspecteur de l\u2019enseignement secondaire, cat\u00e9gorie PB, 1\u00e8re classe, 15\u00e8me \u00e9chelon est nomm\u00e9 Directeur provincial des enseignements post-primaire et secondaire du Kadiogo. AU TITRE DU MINISTERE DE LA FONCTION PUBLIQUE, DU TRAVAIL ET DE LA PROTECTION SOCIALE Madame Flore Doussou BARRO\/TRAORE, Mle 57 932 F, Inspecteur du travail, 1\u00e8re classe, 8\u00e8me \u00e9chelon, est nomm\u00e9e Conseiller technique ; Monsieur Sadouanouan MALO, Mle 110 980 A, Ma\u00eetre de conf\u00e9rences en informatique, cat\u00e9gorie P2, est nomm\u00e9 Conseiller technique.<\/p>\n<p>AU TITRE DU MINISTERE DE L\u2019EAU ET DE L\u2019ASSAINISSEMENT<\/p>\n<p>Madame Julienne TIENDREBEOGO, Mle 212 653 W, Ing\u00e9nieur du g\u00e9nie rural, 1\u00e8re classe, 6\u00e8me \u00e9chelon, est nomm\u00e9e Directrice g\u00e9n\u00e9rale de l\u2019assainissement. III.2. NOMINATIONS DANS DES GRADES SUPERIEURS Les personnes dont les noms suivent sont nomm\u00e9es dans l\u2019emploi de Ma\u00eetre de conf\u00e9rences pour compter du 15 septembre 2021 : Monsieur Abel KADEBA, Mle 271 414 K, Ma\u00eetre-assistant en Biologie et Ecologie v\u00e9g\u00e9tales, est nomm\u00e9 Ma\u00eetre de conf\u00e9rences en Biologie et Ecologie v\u00e9g\u00e9tales \u00e0 l\u2019Universit\u00e9 de D\u00e9dougou (ISEDR) ; Monsieur D\u00e9sir\u00e9 Jean Pascal LOMPO, Mle 257 236 Z, Ma\u00eetre-assistant en Agro-p\u00e9dologie et gestion des ressources naturelles, est nomm\u00e9 Ma\u00eetre de conf\u00e9rences en Agro-p\u00e9dologie et gestion des ressources naturelles \u00e0 l\u2019Universit\u00e9 de D\u00e9dougou (ISEDR) ; Monsieur Sylvain Nafiba OUEDRAOGO, Mle 241 855 E, Ma\u00eetre-assistant en Entomologie\/Ecophysiologie, est nomm\u00e9 Ma\u00eetre de conf\u00e9rences en Entomologie-Agronomie \u00e0 l\u2019Universit\u00e9 de D\u00e9dougou (ISEDR) ; Monsieur Issaka SENOU, Mle 271 417 C, Ma\u00eetre-assistant en Agro-p\u00e9dologie, est nomm\u00e9 Ma\u00eetre de conf\u00e9rences en Agro-p\u00e9dologie \u00e0 l\u2019Universit\u00e9 de D\u00e9dougou (ISEDR) ; Monsieur Lambi\u00e9nou YE, Mle 257 240 Z, Ma\u00eetre-assistant en Agro\u00e9cologie, est nomm\u00e9 Ma\u00eetre de conf\u00e9rences en Agro\u00e9cologie \u00e0 l\u2019Universit\u00e9 de D\u00e9dougou (ISEDR) ; Monsieur Antoine BARRO, Mle 271 412 H, Ma\u00eetre-assistant en G\u00e9n\u00e9tique et am\u00e9lioration des plantes, est nomm\u00e9 Ma\u00eetre de conf\u00e9rences en G\u00e9n\u00e9tique et am\u00e9lioration des plantes \u00e0 l\u2019Universit\u00e9 de D\u00e9dougou (UFR\/SAT) ; Monsieur Philippe BAYEN, Mle 257 234 E, Ma\u00eetre-assistant en Botanique et Phyto\u00e9cologie, est nomm\u00e9 Ma\u00eetre de conf\u00e9rences en Biologie et Ecologie v\u00e9g\u00e9tales \u00e0 l\u2019Universit\u00e9 de D\u00e9dougou (UFR\/SAT) ; Madame Assan GNOUMOU, Mle 271 413 W, Ma\u00eetre-assistant en Botanique et Phyto\u00e9cologie, est nomm\u00e9e Ma\u00eetre de conf\u00e9rences en Botanique et Phyto\u00e9cologie \u00e0 l\u2019Universit\u00e9 de D\u00e9dougou (UFR\/SAT) ; Monsieur Amana METUOR DABIRE, Mle 271 415 U, Ma\u00eetre-assistant en Biochimie-Enzymologie, est nomm\u00e9 Ma\u00eetre de conf\u00e9rences en Biochimie-Enzymologie \u00e0 l\u2019Universit\u00e9 de D\u00e9dougou (UFR\/SAT). Les personnes dont les noms suivent sont nomm\u00e9es dans l\u2019emploi de Professeur titulaire pour compter du 15 septembre 2021 : Monsieur Y\u00e9l\u00e9zouomin St\u00e9phane Corentin SOME, Mle 241 745 K, Ma\u00eetre de conf\u00e9rences en G\u00e9ographie physique et environnementale, est nomm\u00e9 Professeur titulaire en G\u00e9ographie physique et environnementale \u00e0 l\u2019Unit\u00e9 de formation et de recherche en Lettres et Sciences humaines (UFR\/LSH) de l\u2019Universit\u00e9 Norbert ZONGO ; Madame Kuilpoko Marie Laure SOUGOTI\/GUISSOU, Mle 104 525 V, Ma\u00eetre de conf\u00e9rences en Biologie et Ecologie v\u00e9g\u00e9tales, est nomm\u00e9e Professeur titulaire en Biologie et Ecologie v\u00e9g\u00e9tales \u00e0 l\u2019Unit\u00e9 de formation et de recherche en Sciences et Technologies (UFR\/ST) de l\u2019Universit\u00e9 Norbert ZONGO. Les personnes dont les noms suivent sont nomm\u00e9es dans l\u2019emploi de Ma\u00eetre de conf\u00e9rences \u00e0 l\u2019Universit\u00e9 Norbert ZONGO pour compter du 15 septembre 2021 : Monsieur Ernest BASSANE, Mle 45 260 B, Ma\u00eetre-assistant en Litt\u00e9rature africaine, est nomm\u00e9 Ma\u00eetre de conf\u00e9rences en Culturologie, culture et litt\u00e9rature africaine \u00e9crite \u00e0 l\u2019Unit\u00e9 de formation et de recherche en Lettres et Sciences Humaines (UFR\/LSH) de l\u2019Universit\u00e9 Norbert ZONGO ; Monsieur Salifou IDANI, Mle 17 484 M, Ma\u00eetre-assistant en Histoire, est nomm\u00e9 Ma\u00eetre de conf\u00e9rences en Histoire et civilisation africaines \u00e0 l\u2019Unit\u00e9 de formation et de recherche en Lettres et Sciences Humaines (UFR\/LSH) de l\u2019Universit\u00e9 Norbert ZONGO ; Monsieur Mahamoudou OUBDA, Mle 96 059 S, Ma\u00eetre-assistant en Histoire, est nomm\u00e9 Ma\u00eetre de conf\u00e9rences en Histoire contemporaine \u00e0 l\u2019Unit\u00e9 de formation et de recherche en Lettres et Sciences Humaines (UFR\/LSH) de l\u2019Universit\u00e9 Norbert ZONGO ; Monsieur Issa SORY, Mle 250 373 A, Ma\u00eetre-assistant en G\u00e9ographie urbaine, est nomm\u00e9 Ma\u00eetre de conf\u00e9rences en G\u00e9ographie urbaine \u00e0 l\u2019Unit\u00e9 de formation et de recherche en Lettres et Sciences Humaines (UFR\/LSH) de l\u2019Universit\u00e9 Norbert ZONGO ; Monsieur Adama TOME, Mle 43 934 Y, Ma\u00eetre-assistant en Histoire de l\u2019art, est nomm\u00e9 Ma\u00eetre de conf\u00e9rences en Histoire de l\u2019art \u00e0 l\u2019Unit\u00e9 de formation et de recherche en Lettres et Sciences Humaines (UFR\/LSH) de l\u2019Universit\u00e9 Norbert ZONGO ; Monsieur Yacouba Ahmed COULIBALY, Mle 271 396 H, Ma\u00eetre-assistant en Biochimie (substances naturelles), est nomm\u00e9 Ma\u00eetre de conf\u00e9rences en Biochimie (substances naturelles) \u00e0 l\u2019Unit\u00e9 de formation et de recherche en Sciences et Technologies (UFR\/ST) de l\u2019Universit\u00e9 Norbert ZONGO ; Monsieur Tangbadioa Herv\u00e9 COULIDIATI, Mle 271 397 F, Ma\u00eetre-assistant en Biochimie (substances naturelles), est nomm\u00e9 Ma\u00eetre de conf\u00e9rences en Biochimie (substances naturelles) \u00e0 l\u2019Unit\u00e9 de formation et de recherche en Sciences et Technologies (UFR\/ST) de l\u2019Universit\u00e9 Norbert ZONGO ; Monsieur Lassina TRAORE, Mle 249 124 G, Ma\u00eetre-assistant en Botanique-Syst\u00e9matique-Ecologie, est nomm\u00e9 Ma\u00eetre de conf\u00e9rences en Biologie et Ecologie v\u00e9g\u00e9tales \u00e0 l\u2019Unit\u00e9 de formation et de recherche en Sciences et Technologies (UFR\/ST) de l\u2019Universit\u00e9 Norbert ZONGO ; Monsieur Doua Allain GNABAHOU, Mle 50 245 Z, Ma\u00eetre-assistant en H\u00e9liophysique, est nomm\u00e9 Ma\u00eetre de conf\u00e9rences en Physique : G\u00e9ophysique externe \u00e0 l\u2019Unit\u00e9 de formation et de recherche en Sciences et Technologies (UFR\/ST) de l\u2019Universit\u00e9 Norbert ZONGO ; Monsieur Wendpanga Jacob YOUGBARE, Mle 104 527 D, Ma\u00eetre-assistant en Math\u00e9matiques appliqu\u00e9es-Recherche op\u00e9rationnelle et aide \u00e0 la d\u00e9cision, est nomm\u00e9 Ma\u00eetre de conf\u00e9rences en Math\u00e9matiques : Math\u00e9matiques appliqu\u00e9es (Recherche op\u00e9rationnelle) \u00e0 l\u2019Unit\u00e9 de formation et de recherche en Sciences et Technologies (UFR\/ST) de l\u2019Universit\u00e9 Norbert ZONGO ; Monsieur Nosseyamba Benjamin OUEDRAOGO, Mle 78 260 R, Ma\u00eetre-assistant en Economie mondiale et Relations \u00e9conomiques internationales, option : Relations financi\u00e8re et mon\u00e9taire internationales, est nomm\u00e9 Ma\u00eetre de conf\u00e9rences en Economie internationale, mondialisation \u00e0 l\u2019Unit\u00e9 de formation et de recherche en Sciences \u00e9conomiques et de Gestion (UFR\/SEG) de l\u2019Universit\u00e9 Norbert ZONGO ; Monsieur Wenddabo Olivier SAWADOGO, Mle 241 857 N, Ma\u00eetre-assistant en Math\u00e9matiques, sp\u00e9cialit\u00e9 : Math\u00e9matiques appliqu\u00e9es, est nomm\u00e9 Ma\u00eetre de conf\u00e9rences en Math\u00e9matiques : Math\u00e9matiques appliqu\u00e9es \u00e0 l\u2019Unit\u00e9 de formation et de recherche en Sciences et Technologies (UFR\/ST) de l\u2019Universit\u00e9 de Ouahigouya (UFR\/ST).<\/p>\n<p style=\"text-align: right\"><strong>Le Porte-parole du Gouvernement <\/strong><\/p>\n<p style=\"text-align: right\"><strong>Alkassoum MAIGA Officier de l\u2019Ordre de l\u2019Etalon <\/strong><\/p>\n<p>L\u2019article <a rel=\"nofollow\" href=\"https:\/\/www.sidwaya.info\/blog\/2022\/01\/19\/conseil-des-ministres-du-mercredi-19-janvier-2022\/\">Conseil des ministres du mercredi 19 janvier 2022<\/a> est apparu en premier sur <a rel=\"nofollow\" href=\"https:\/\/www.sidwaya.info\/\">Quotidien Sidwaya<\/a>.<\/p>\n<\/div>\n<p>Auteur: JK. Sidwaya<br \/>\n<a href=\"https:\/\/www.sidwaya.info\/blog\/2022\/01\/19\/conseil-des-ministres-du-mercredi-19-janvier-2022\/?utm_source=rss&#038;utm_medium=rss&#038;utm_campaign=conseil-des-ministres-du-mercredi-19-janvier-2022\">Cliquez ici pour lire l&rsquo;article depuis sa source.<\/a><\/p>\n","protected":false},"excerpt":{"rendered":"<p>Le Conseil des ministres s\u2019est tenu \u00e0 Ouagadougou, le mercredi 19 janvier 2022, en s\u00e9ance ordinaire, de 09 H 00 mn \u00e0 12 H 45 mn, sous la pr\u00e9sidence de Son Excellence Monsieur Roch Marc Christian KABORE, Pr\u00e9sident du Faso, Pr\u00e9sident du Conseil des ministres. Il a d\u00e9lib\u00e9r\u00e9 sur les dossiers inscrits \u00e0 son ordre [&hellip;]<\/p>\n","protected":false},"author":1816,"featured_media":0,"comment_status":"closed","ping_status":"closed","sticky":false,"template":"","format":"standard","meta":{"fifu_image_url":"","fifu_image_alt":"","footnotes":""},"categories":[73,81],"tags":[],"class_list":["post-138936","post","type-post","status-publish","format-standard","hentry","category-actualite","category-burkina-faso"],"_links":{"self":[{"href":"https:\/\/linitiative.ca\/International\/wp-json\/wp\/v2\/posts\/138936","targetHints":{"allow":["GET"]}}],"collection":[{"href":"https:\/\/linitiative.ca\/International\/wp-json\/wp\/v2\/posts"}],"about":[{"href":"https:\/\/linitiative.ca\/International\/wp-json\/wp\/v2\/types\/post"}],"author":[{"embeddable":true,"href":"https:\/\/linitiative.ca\/International\/wp-json\/wp\/v2\/users\/1816"}],"replies":[{"embeddable":true,"href":"https:\/\/linitiative.ca\/International\/wp-json\/wp\/v2\/comments?post=138936"}],"version-history":[{"count":0,"href":"https:\/\/linitiative.ca\/International\/wp-json\/wp\/v2\/posts\/138936\/revisions"}],"wp:attachment":[{"href":"https:\/\/linitiative.ca\/International\/wp-json\/wp\/v2\/media?parent=138936"}],"wp:term":[{"taxonomy":"category","embeddable":true,"href":"https:\/\/linitiative.ca\/International\/wp-json\/wp\/v2\/categories?post=138936"},{"taxonomy":"post_tag","embeddable":true,"href":"https:\/\/linitiative.ca\/International\/wp-json\/wp\/v2\/tags?post=138936"}],"curies":[{"name":"wp","href":"https:\/\/api.w.org\/{rel}","templated":true}]}}