{"id":138937,"date":"2022-01-19T17:16:16","date_gmt":"2022-01-19T22:16:16","guid":{"rendered":"https:\/\/linitiative.ca\/International\/rapport-de-long-oxfam-la-covid-19-a-engendre-des-inegalites-economiques\/"},"modified":"2022-01-19T17:16:16","modified_gmt":"2022-01-19T22:16:16","slug":"rapport-de-long-oxfam-la-covid-19-a-engendre-des-inegalites-economiques","status":"publish","type":"post","link":"https:\/\/linitiative.ca\/International\/rapport-de-long-oxfam-la-covid-19-a-engendre-des-inegalites-economiques\/","title":{"rendered":"Rapport de l\u2019ONG Oxfam : la COVID-19 a engendr\u00e9 des in\u00e9galit\u00e9s \u00e9conomiques"},"content":{"rendered":"<div>\n<p><strong>L\u2019ONG Oxfam a rendu public son dernier rapport sur les in\u00e9galit\u00e9s dans le monde intitul\u00e9 les in\u00e9galit\u00e9s tuent, le lundi 17 janvier 2022. Il ressort que, du fait de la COVID-19 mais aussi des choix politiques, les in\u00e9galit\u00e9s se sont accentu\u00e9es au d\u00e9triment des plus pauvres, pendant que les plus riches se frottent les mains et voient leur fortune se doubler. <\/strong><\/p>\n<p>La COVID-19 n\u2019a pas fait que ralentir la croissance \u00e9conomique mondiale. Elle a aussi et surtout engendr\u00e9 les in\u00e9galit\u00e9s \u00e9conomiques, de race, de genre et entre et au sein des Etats. Ces in\u00e9galit\u00e9s contribuent \u00e0 la mort d\u2019au moins une personne toutes les quatre secondes. Pire, cette mont\u00e9e des injustices n\u2019est pas un fait du hasard, mais la r\u00e9sultante de d\u00e9cisions politiques d\u00e9lib\u00e9r\u00e9es. Car une \u00ab violence \u00e9conomique \u00bb s\u2019op\u00e8re lorsque les choix de politiques structurelles sont faits pour les personnes les plus riches et les plus puissantes. Ces conclusions ressortent du dernier rapport de l\u2019ONG Oxfam intitul\u00e9 les in\u00e9galit\u00e9s tuent, rendu public le lundi 17 janvier 2022. Le moins que l\u2019on puisse dire est que cette photographie de l\u2019\u00e9tat des in\u00e9galit\u00e9s dans le monde est troublante et accablante. Sur le plan \u00e9conomique, la ran\u00e7on de la COVID-19 a davantage co\u00fbt\u00e9 aux pauvres et plus profit\u00e9 aux plus nantis. La fortune actuelle des personnes riches et le rythme auquel elles l\u2019accumulent est sans pr\u00e9c\u00e9dent dans l\u2019histoire de l\u2019humanit\u00e9, indique le rapport.<\/p>\n<p><img decoding=\"async\" loading=\"lazy\" class=\"size-medium wp-image-44504 alignleft\" src=\"https:\/\/linitiative.ca\/International\/wp-content\/uploads\/sites\/23\/2022\/01\/2-16-300x168-1.jpg\" alt=\"\" width=\"300\" height=\"168\" srcset=\"https:\/\/linitiative.ca\/International\/wp-content\/uploads\/sites\/23\/2022\/01\/2-16-300x168-1.jpg 300w, https:\/\/www.sidwaya.info\/wp-content\/uploads\/2022\/01\/2-16-150x84.jpg 150w, https:\/\/www.sidwaya.info\/wp-content\/uploads\/2022\/01\/2-16.jpg 595w\" sizes=\"auto, (max-width: 300px) 100vw, 300px\">\u00ab Depuis le d\u00e9but de la pand\u00e9mie, le monde compte un nouveau milliardaire toutes les 26 heures. Les 10 hommes les plus riches du monde ont vu leur fortune doubler, alors que 99% de l\u2019humanit\u00e9 a des revenus moins importants que pr\u00e9vu \u00e0 cause de la COVID-19 \u00bb, peut-on lire dans le document. Depuis 1995, les 1 % les plus fortun\u00e9(es) ont accapar\u00e9 pr\u00e8s de 20 fois plus de richesses mondiales que les 50 % les plus pauvres de l\u2019humanit\u00e9 ; et mieux qu\u2019au cours des quatorze derni\u00e8res ann\u00e9es, les quelques 2 755 milliardaires dans le monde ont vu leur fortune augmenter davantage lors de la pand\u00e9mie de la COVID-19. Selon les auteurs du rapport, il s\u2019agit de la plus forte augmentation annuelle de la fortune des milliardaires depuis que ce type de donn\u00e9es est recens\u00e9, et cela concerne tous les continents. \u00ab Cette augmentation est due \u00e0 la mont\u00e9e en fl\u00e8che des cours des actions, \u00e0 l\u2019essor des entit\u00e9s non r\u00e9glement\u00e9es, \u00e0 la mont\u00e9e en puissance des monopoles et des privatisations, ainsi qu\u2019\u00e0 l\u2019\u00e9rosion des r\u00e9glementations et des taux d\u2019imposition sur les soci\u00e9t\u00e9s, \u00e0 la r\u00e9duction des droits et des salaires des travailleurs et des travailleuses, le tout sur fond d\u2019instrumentalisation du racisme \u00bb, pr\u00e9cisent-ils.<\/p>\n<h2><strong>Un surco\u00fbt humain et social<\/strong><\/h2>\n<p>Du fait de la crise sanitaire, poursuivent-ils, les fonds publics colossaux d\u00e9vers\u00e9s dans les \u00e9conomies ont gonfl\u00e9 les prix des actions de fa\u00e7on spectaculaire, engraiss\u00e9 plus que jamais les comptes bancaires des milliardaires, major\u00e9 de plusieurs dizaines de milliards de dollars les profits des soci\u00e9t\u00e9s pharmaceutiques. Et le fait qu\u2019au moins 73 pays soient confront\u00e9s \u00e0 la perspective d\u2019une aust\u00e9rit\u00e9 risque d\u2019aggraver les in\u00e9galit\u00e9s entre les pays, et tous les types d\u2019in\u00e9galit\u00e9s au sein des pays. Selon le rapport, le co\u00fbt social et humain de la COVID-19 aggrav\u00e9 par ces in\u00e9galit\u00e9s \u00e9conomiques est alarmant. Le rapport les in\u00e9galit\u00e9s tuent prend ici tout son sens. En effet, pendant que les plus nantis continuent d\u2019amasser fortune, parall\u00e8lement, quelque 17 millions de personnes sont mortes de la COVID-19, un bilan humain sans pr\u00e9c\u00e9dent depuis la Seconde Guerre mondiale, d\u00e9plorent les rapporteurs. Loin d\u2019\u00eatre d\u00e9connect\u00e9es, ces probl\u00e9matiques participent toutes d\u2019un m\u00eame malaise plus profond.<\/p>\n<p>En ne vaccinant pas le monde, poursuivent-ils, les gouvernements ont cr\u00e9\u00e9 les conditions pour que le virus de la COVID-19 mute dangereusement, et ont dans le m\u00eame temps permis l\u2019\u00e9mergence d\u2019un tout nouveau variant : celui de la richesse des milliardaires. Ce variant milliardaire expose notre monde \u00e0 un grand danger, rel\u00e8vent-ils. \u00ab Les in\u00e9galit\u00e9s ont rendu cette pand\u00e9mie de coronavirus plus mortelle, plus longue et encore plus dommageable pour les moyens de subsistance. Au final, les in\u00e9galit\u00e9s de revenus sont plus d\u00e9terminantes que l\u2019\u00e2ge comme facteur de risque de mourir de la COVID-19. Des millions de personnes seraient encore en vie aujourd\u2019hui si elles avaient \u00e9t\u00e9 vaccin\u00e9es. Pendant ce temps, les grandes soci\u00e9t\u00e9s pharmaceutiques s\u2019accrochent \u00e0 leur monopole sur ces technologies. Cet apartheid vaccinal s\u00e8me la mort et aggrave les in\u00e9galit\u00e9s dans le monde entier. Les d\u00e9c\u00e8s imputables \u00e0 la pand\u00e9mie sont plus nombreux parmi les personnes racis\u00e9es et les plus pauvres au monde. Dans certains pays, les personnes les plus pauvres sont presque quatre fois plus susceptibles de mourir de la covid-19 que les plus riches. En Angleterre, pendant la deuxi\u00e8me vague, les personnes d\u2019origine bangladaise \u00e9taient cinq fois plus susceptibles de mourir de la covid-19 que la population britannique blanche \u00bb, soulignent-ils.<\/p>\n<h2><strong>Un \u00ab scandaleux apartheid vaccinal \u00bb<\/strong><\/h2>\n<p>Autre illustration, 3,4 millions d\u2019Afro-Am\u00e9ricain(es) seraient toujours vivant(es) si leur esp\u00e9rance de vie \u00e9tait la m\u00eame que celle de la population blanche ; avant la COVID-19, ce chiffre alarmant \u00e9tait d\u00e9j\u00e0 de 2,1 millions. Partout dans le monde, la gent f\u00e9minine paye le plus lourd tribut de cette flamb\u00e9e des in\u00e9galit\u00e9s caus\u00e9e par la pand\u00e9mie de la maladie \u00e0 coronavirus. Leurs droits et les progr\u00e8s en mati\u00e8re d\u2019\u00e9galit\u00e9 de genre vont fortement p\u00e2tir de ces mesures d\u2019aust\u00e9rit\u00e9 dans un contexte de crise qui a d\u00e9j\u00e0 fait reculer d\u2019une g\u00e9n\u00e9ration enti\u00e8re l\u2019objectif d\u2019atteindre la parit\u00e9 (135 ans, contre 99 ans auparavant).<\/p>\n<p>\u00ab Cette situation est d\u2019autant plus difficile que, dans de nombreux pays, les femmes sont confront\u00e9es \u00e0 un regain de violences bas\u00e9es sur le genre. Et comme lors de chaque crise, elles doivent \u00e9galement absorber une somme consid\u00e9rable de travail de soin non r\u00e9mun\u00e9r\u00e9 qui les maintient au bas de l\u2019\u00e9chelle de l\u2019\u00e9conomie mondiale \u00bb, pr\u00e9cise l\u2019\u00e9tude. Le rapport d\u2019Oxfam a \u00e9galement soulign\u00e9 l\u2019in\u00e9galit\u00e9 d\u2019acc\u00e8s au vaccin contre la COVID-19 entre pays riches et pauvres. \u00ab Pourtant, au lieu de devenir un bien public mondial comme l\u2019avaient promis nos dirigeant(es), ces vaccins miraculeux qui donnaient tant d\u2019espoir \u00e0 la population mondiale ont \u00e9t\u00e9 d\u00e8s le premier jour emmur\u00e9s pour servir des profits priv\u00e9s et des monopoles. Au lieu de vacciner des milliards de personnes dans les pays \u00e0 revenu faible ou interm\u00e9diaire, nous avons cr\u00e9\u00e9 des milliardaires du vaccin en laissant aux soci\u00e9t\u00e9s pharmaceutiques le choix de qui vit et qui meurt.<\/p>\n<p>L\u2019ann\u00e9e 2021 a surtout \u00e9t\u00e9 marqu\u00e9e par ce scandaleux apartheid vaccinal qui entachera \u00e0 jamais l\u2019histoire de notre esp\u00e8ce. Dans les pays o\u00f9 l\u2019acc\u00e8s aux vaccins est limit\u00e9, cette catastrophe d\u2019origine humaine a co\u00fbt\u00e9 la vie \u00e0 des millions de personnes qui auraient pu \u00eatre sauv\u00e9es \u00bb, s\u2019alarment les rapporteurs. Sur le plan environnemental, l\u2019impact des in\u00e9galit\u00e9s est \u00e9galement manifeste. \u00ab Nous sommes tous(tes) impact\u00e9(es) par la surconsommation des plus riches \u00e0 l\u2019origine de la crise climatique actuelle, les \u00e9missions des 1% les plus riches \u00e9tant deux fois plus importantes que celles des 50% les plus pauvres de l\u2019humanit\u00e9 \u00bb, soulignent-ils. Et la crise climatique pourrait faire 231 000 victimes par an dans les pays pauvres d\u2019ici 2030. Mais malgr\u00e9 ces injustices criantes, tout n\u2019est pourtant pas perdu. Face \u00e0 cette inflation des in\u00e9galit\u00e9s, des solutions et des alternatives durables existent.<\/p>\n<h2><strong>L\u2019\u00e9galit\u00e9, une priorit\u00e9 !<\/strong><\/h2>\n<p>Pour peu qu\u2019il y ait une volont\u00e9 prononc\u00e9e et assum\u00e9e, de la part des pouvoirs publics, de la communaut\u00e9 internationale. Ils ont une marge de man\u0153uvre \u00e9norme pour changer radicalement de cap, arr\u00eater la spirale in\u00e9galitaire. Pour l\u2019ONG Oxfam, l\u2019argent ne manque pas, ce qui fait d\u00e9faut, c\u2019est plut\u00f4t le courage de s\u2019attaquer aux in\u00e9galit\u00e9s, \u00e0 la fortune et au pouvoir des personnes riches et puissantes, et au manque d\u2019imagination pour se lib\u00e9rer du carcan \u00e9troit et d\u00e9faillant du n\u00e9olib\u00e9ralisme extr\u00eame. Par cons\u00e9quent, elle invite les gouvernements \u00e0 revoir leur copie et \u00e0 refuser de s\u2019enfoncer davantage sur cette voie dangereuse, fatale et autodestructrice avec des niveaux d\u2019in\u00e9galit\u00e9s extr\u00eames jamais enregistr\u00e9s dans l\u2019histoire humaine. Ce n\u00e9cessaire interventionnisme passe par une approche syst\u00e9mique pour s\u2019attaquer aux sources de la violence \u00e9conomique et poser les bases d\u2019un monde plus \u00e9galitaire, plus juste. Modifier de mani\u00e8re ambitieuse les r\u00e8gles de l\u2019\u00e9conomie \u00e0 l\u2019origine de ces fractures colossales, agir pour mieux distribuer en amont les revenus, taxer les profits r\u00e9alis\u00e9s par les grandes fortunes pendant cette pand\u00e9mie, r\u00e9cup\u00e9rer ces ressources et les d\u00e9ployer pour panser le monde, cr\u00e9er des imp\u00f4ts progressifs permanents sur le capital et la fortune, financer enti\u00e8rement l\u2019adaptation au changement climatique font partie des r\u00e9ponses holistiques \u00e0 op\u00e9rationnaliser, insiste le rapport.<\/p>\n<p>Il y a aussi lieu d\u2019investir dans des politiques publiques fortes et \u00e9prouv\u00e9es pour sauver des vies et pour mettre fin aux violences bas\u00e9es sur le genre, changer les lois et redistribuer le pouvoir d\u00e9cisionnel, s\u2019attaquer aux monopoles, limiter la concentration du march\u00e9, tout en levant les obstacles \u00e0 la repr\u00e9sentation des groupes racis\u00e9s, de la classe ouvri\u00e8re et des femmes, qui ne repr\u00e9sentent toujours que 25,5% des parlementaires dans le monde, pr\u00e9conise Oxfam. En tout \u00e9tat de cause, le monde aborde 2022 avec une inqui\u00e9tude sans pr\u00e9c\u00e9dent et le temps n\u2019est pas \u00e0 la tergiversation ; l\u2019heure des choix audacieux et des actions structurelles a sonn\u00e9. Car, les in\u00e9galit\u00e9s ont un impact n\u00e9gatif sur quasiment tous les aspects de la vie et sur tout espoir de progr\u00e8s pour l\u2019humanit\u00e9. Elles engendrent plus de criminalit\u00e9, de malheur, de m\u00e9fiance et de violences, rendant inatteignable l\u2019objectif d\u2019\u00e9radiquer la pauvret\u00e9 dans le monde. \u00ab Les in\u00e9galit\u00e9s entre les pays et au sein des pays sont \u00e9galement fatales pour l\u2019avenir de notre monde \u00bb, pr\u00e9vient Oxfam. En un mot, l\u2019\u00e9galit\u00e9 doit \u00eatre une priorit\u00e9 !<\/p>\n<p style=\"text-align: right\"><strong>Synth\u00e8se de Mahamadi SEBOGO <\/strong><\/p>\n<p style=\"text-align: right\"><strong>Windmad76@gmail.com <\/strong><\/p>\n<p>L\u2019article <a rel=\"nofollow\" href=\"https:\/\/www.sidwaya.info\/blog\/2022\/01\/19\/rapport-de-long-oxfam-la-covid-19-a-engendre-des-inegalites-economiques\/\">Rapport de l\u2019ONG Oxfam : la COVID-19 a engendr\u00e9 des in\u00e9galit\u00e9s \u00e9conomiques<\/a> est apparu en premier sur <a rel=\"nofollow\" href=\"https:\/\/www.sidwaya.info\/\">Quotidien Sidwaya<\/a>.<\/p>\n<\/div>\n<p>Auteur: JK. Sidwaya<br \/>\n<a href=\"https:\/\/www.sidwaya.info\/blog\/2022\/01\/19\/rapport-de-long-oxfam-la-covid-19-a-engendre-des-inegalites-economiques\/?utm_source=rss&#038;utm_medium=rss&#038;utm_campaign=rapport-de-long-oxfam-la-covid-19-a-engendre-des-inegalites-economiques\">Cliquez ici pour lire l&rsquo;article depuis sa source.<\/a><\/p>\n","protected":false},"excerpt":{"rendered":"<p>L\u2019ONG Oxfam a rendu public son dernier rapport sur les in\u00e9galit\u00e9s dans le monde intitul\u00e9 les in\u00e9galit\u00e9s tuent, le lundi 17 janvier 2022. Il ressort que, du fait de la COVID-19 mais aussi des choix politiques, les in\u00e9galit\u00e9s se sont accentu\u00e9es au d\u00e9triment des plus pauvres, pendant que les plus riches se frottent les mains [&hellip;]<\/p>\n","protected":false},"author":1816,"featured_media":0,"comment_status":"closed","ping_status":"closed","sticky":false,"template":"","format":"standard","meta":{"fifu_image_url":"https:\/\/www.sidwaya.info\/wp-content\/uploads\/2022\/01\/2-16-300x168.jpg","fifu_image_alt":"Rapport de l\u2019ONG Oxfam : la COVID-19 a engendr\u00e9 des in\u00e9galit\u00e9s \u00e9conomiques","footnotes":""},"categories":[73,81],"tags":[],"class_list":["post-138937","post","type-post","status-publish","format-standard","hentry","category-actualite","category-burkina-faso"],"_links":{"self":[{"href":"https:\/\/linitiative.ca\/International\/wp-json\/wp\/v2\/posts\/138937","targetHints":{"allow":["GET"]}}],"collection":[{"href":"https:\/\/linitiative.ca\/International\/wp-json\/wp\/v2\/posts"}],"about":[{"href":"https:\/\/linitiative.ca\/International\/wp-json\/wp\/v2\/types\/post"}],"author":[{"embeddable":true,"href":"https:\/\/linitiative.ca\/International\/wp-json\/wp\/v2\/users\/1816"}],"replies":[{"embeddable":true,"href":"https:\/\/linitiative.ca\/International\/wp-json\/wp\/v2\/comments?post=138937"}],"version-history":[{"count":0,"href":"https:\/\/linitiative.ca\/International\/wp-json\/wp\/v2\/posts\/138937\/revisions"}],"wp:attachment":[{"href":"https:\/\/linitiative.ca\/International\/wp-json\/wp\/v2\/media?parent=138937"}],"wp:term":[{"taxonomy":"category","embeddable":true,"href":"https:\/\/linitiative.ca\/International\/wp-json\/wp\/v2\/categories?post=138937"},{"taxonomy":"post_tag","embeddable":true,"href":"https:\/\/linitiative.ca\/International\/wp-json\/wp\/v2\/tags?post=138937"}],"curies":[{"name":"wp","href":"https:\/\/api.w.org\/{rel}","templated":true}]}}