{"id":138939,"date":"2022-01-19T17:21:32","date_gmt":"2022-01-19T22:21:32","guid":{"rendered":"https:\/\/linitiative.ca\/International\/traitement-de-linformation-securitaire-le-csc-recueille-les-preoccupations-des-editions-sidwaya\/"},"modified":"2022-01-19T17:21:32","modified_gmt":"2022-01-19T22:21:32","slug":"traitement-de-linformation-securitaire-le-csc-recueille-les-preoccupations-des-editions-sidwaya","status":"publish","type":"post","link":"https:\/\/linitiative.ca\/International\/traitement-de-linformation-securitaire-le-csc-recueille-les-preoccupations-des-editions-sidwaya\/","title":{"rendered":"Traitement de l\u2019information s\u00e9curitaire : le CSC recueille les pr\u00e9occupations  des Editions Sidwaya"},"content":{"rendered":"<div>\n<p><strong>Une d\u00e9l\u00e9gation du Conseil sup\u00e9rieur de la communication conduite par son vice-pr\u00e9sident, Abdoulazize Bamogo, a rendu visite au directeur g\u00e9n\u00e9ral des Editions Sidwaya, Mahamadi Ti\u00e9gna, le mercredi 19 janvier 2022, \u00e0 Ouagadougou.<\/strong><\/p>\n<figure id=\"attachment_44508\" aria-describedby=\"caption-attachment-44508\" style=\"width: 597px\" class=\"wp-caption alignnone\"><img decoding=\"async\" loading=\"lazy\" class=\"wp-image-44508\" src=\"https:\/\/linitiative.ca\/International\/wp-content\/uploads\/sites\/23\/2022\/01\/2-17-300x200-1.jpg\" alt=\"\" width=\"597\" height=\"398\" srcset=\"https:\/\/linitiative.ca\/International\/wp-content\/uploads\/sites\/23\/2022\/01\/2-17-300x200-1.jpg 300w, https:\/\/www.sidwaya.info\/wp-content\/uploads\/2022\/01\/2-17-150x100.jpg 150w, https:\/\/www.sidwaya.info\/wp-content\/uploads\/2022\/01\/2-17.jpg 595w\" sizes=\"auto, (max-width: 597px) 100vw, 597px\"><figcaption id=\"caption-attachment-44508\" class=\"wp-caption-text\">La d\u00e9l\u00e9gation a f\u00e9licit\u00e9 le premier responsable des Editions Sidwaya et ses agents qui ont \u00e9t\u00e9 d\u00e9cor\u00e9s l\u2019ann\u00e9e derni\u00e8re.<\/figcaption><\/figure>\n<p>Le Conseil sup\u00e9rieur de la communication (CSC) est dans la dynamique de recueillir les pr\u00e9occupations des acteurs des m\u00e9dias sur le traitement de l\u2019information li\u00e9e \u00e0 la crise s\u00e9curitaire afin d\u2019en discuter avec le gouvernement. Dans ce sens, une d\u00e9l\u00e9gation de cette institution conduite par son vice-pr\u00e9sident, Abdoulazize Bamogo, a rendu visite au directeur g\u00e9n\u00e9ral des Editions Sidwaya, Mahamadi Ti\u00e9gna, le mercredi 19 janvier 2022, \u00e0 Ouagadougou. A en croire le chef de la d\u00e9l\u00e9gation, l\u2019objectif de cette visite est de recueillir les propositions et les attentes du premier responsable du \u2018\u2019journal de tous les Burkinab\u00e8\u2019\u2019 pour pouvoir les traduire en termes de pr\u00e9occupations du monde des m\u00e9dias. \u00ab Cette visite a \u00e9t\u00e9 l\u2019occasion pour nous de partager avec le directeur g\u00e9n\u00e9ral et son \u00e9quipe, notre pr\u00e9occupation en tant que r\u00e9gulateur de la responsabilit\u00e9 sociale des m\u00e9dias. En ce moment difficile li\u00e9 \u00e0 la crise s\u00e9curitaire, c\u2019est important pour les journa-listes d\u2019informer les populations, mais ce contexte rend difficile leur travail \u00bb, a indiqu\u00e9 Abdoulazize Bamogo. A l\u2019entendre, par l\u2019activit\u00e9 d\u2019informer du journaliste, celui-ci s\u2019expose et peut m\u00eame mettre en danger son m\u00e9dia ou d\u2019autres acteurs de la vie publique. C\u2019est important, a-t-il soulign\u00e9, qu\u2019il puisse y avoir une r\u00e9flexion autour de comment traiter cette question de sorte que le journaliste se prot\u00e8ge dans son activit\u00e9, sans oublier ses concitoyens. \u00ab Nous avons \u00e9chang\u00e9 avec le directeur g\u00e9n\u00e9ral en attirant son attention sur cette question. Nous savons qu\u2019il y a d\u00e9j\u00e0 des efforts qui sont faits dans ce sens, mais pour le r\u00e9gulateur, c\u2019est encore d\u2019appeler les m\u00e9dias \u00e0 mettre en avant cette responsabilit\u00e9 sociale du journaliste dans l\u2019activit\u00e9 d\u2019information \u00bb, a-t-il d\u00e9clin\u00e9. Pour le vice-pr\u00e9sident du CSC, les journa-listes ont le devoir d\u2019informer les populations, cependant ils doivent tenir compte du contexte s\u00e9curitaire qui n\u00e9cessite que cette activit\u00e9 d\u2019informer ne mette pas en p\u00e9ril la vie des concitoyens ou l\u2019int\u00e9grit\u00e9 du territoire. \u00ab Nous avons remarqu\u00e9 avec beaucoup d\u2019int\u00e9r\u00eat qu\u2019\u00e0 Sidwaya, cette pr\u00e9occupation est d\u00e9j\u00e0 prise en compte et nous les encourageons pour ce qui est fait dans ce sens \u00bb, a-t-il exhort\u00e9.<\/p>\n<h2><strong>Ouvert \u00e0 toute initiative<\/strong><\/h2>\n<p>Les visiteurs du jour ont f\u00e9licit\u00e9 le directeur g\u00e9n\u00e9ral de la \u00ab Maison commune \u00bb et d\u2019autres agents qui ont \u00e9t\u00e9 d\u00e9cor\u00e9s l\u2019ann\u00e9e derni\u00e8re. A leur avis, c\u2019est une reconnaissance non seulement \u00e0 l\u2019ensemble du travail abattu, mais aussi une contribution dans ce contexte tr\u00e8s difficile qui est \u00e0 saluer et encourager \u00e0 sa juste mesure. La d\u00e9l\u00e9gation du CSC a \u00e9galement saisi l\u2019occasion de cette visite pour pr\u00e9senter ses v\u0153ux de bonne et heureuse ann\u00e9e 2022 au Directeur g\u00e9n\u00e9ral (DG) des Editions Sidwaya, Mahamadi Tiegna et \u00e0 son personnel. En retour, le DG Ti\u00e9gna a formul\u00e9 des v\u0153ux de sant\u00e9, de succ\u00e8s et de stabilit\u00e9 du pays au vice-pr\u00e9sident Bamogo et \u00e0 ses collaborateurs avant de traduire sa reconnaissance \u00e0 l\u2019instance nationale charg\u00e9e de la r\u00e9gulation des m\u00e9dias. Il s\u2019est dit disponible et ouvert \u00e0 toute initiative qui pourrait aider les m\u00e9dias \u00e0 mieux faire leur travail afin d\u2019informer les populations. \u00ab Nous avons le devoir d\u2019informer, mais les journalistes doivent tenir compte de la n\u00e9cessit\u00e9 de pr\u00e9server des vies \u00bb, a-t-il soutenu.<\/p>\n<p style=\"text-align: right\"><strong>Timoth\u00e9e SOME <\/strong><\/p>\n<p style=\"text-align: right\"><strong>timothesom@yahoo.fr <\/strong><\/p>\n<p>L\u2019article <a rel=\"nofollow\" href=\"https:\/\/www.sidwaya.info\/blog\/2022\/01\/19\/traitement-de-linformation-securitaire-le-csc-recueille-les-preoccupations-des-editions-sidwaya\/\">Traitement de l\u2019information s\u00e9curitaire : le CSC recueille les pr\u00e9occupations  des Editions Sidwaya<\/a> est apparu en premier sur <a rel=\"nofollow\" href=\"https:\/\/www.sidwaya.info\/\">Quotidien Sidwaya<\/a>.<\/p>\n<\/div>\n<p>Auteur: JK. Sidwaya<br \/>\n<a href=\"https:\/\/www.sidwaya.info\/blog\/2022\/01\/19\/traitement-de-linformation-securitaire-le-csc-recueille-les-preoccupations-des-editions-sidwaya\/?utm_source=rss&#038;utm_medium=rss&#038;utm_campaign=traitement-de-linformation-securitaire-le-csc-recueille-les-preoccupations-des-editions-sidwaya\">Cliquez ici pour lire l&rsquo;article depuis sa source.<\/a><\/p>\n","protected":false},"excerpt":{"rendered":"<p>Une d\u00e9l\u00e9gation du Conseil sup\u00e9rieur de la communication conduite par son vice-pr\u00e9sident, Abdoulazize Bamogo, a rendu visite au directeur g\u00e9n\u00e9ral des Editions Sidwaya, Mahamadi Ti\u00e9gna, le mercredi 19 janvier 2022, \u00e0 Ouagadougou. La d\u00e9l\u00e9gation a f\u00e9licit\u00e9 le premier responsable des Editions Sidwaya et ses agents qui ont \u00e9t\u00e9 d\u00e9cor\u00e9s l\u2019ann\u00e9e derni\u00e8re. Le Conseil sup\u00e9rieur de [&hellip;]<\/p>\n","protected":false},"author":1816,"featured_media":0,"comment_status":"closed","ping_status":"closed","sticky":false,"template":"","format":"standard","meta":{"fifu_image_url":"https:\/\/www.sidwaya.info\/wp-content\/uploads\/2022\/01\/2-17-300x200.jpg","fifu_image_alt":"Traitement de l\u2019information s\u00e9curitaire : le CSC recueille les pr\u00e9occupations  des Editions Sidwaya","footnotes":""},"categories":[73,81],"tags":[],"class_list":["post-138939","post","type-post","status-publish","format-standard","hentry","category-actualite","category-burkina-faso"],"_links":{"self":[{"href":"https:\/\/linitiative.ca\/International\/wp-json\/wp\/v2\/posts\/138939","targetHints":{"allow":["GET"]}}],"collection":[{"href":"https:\/\/linitiative.ca\/International\/wp-json\/wp\/v2\/posts"}],"about":[{"href":"https:\/\/linitiative.ca\/International\/wp-json\/wp\/v2\/types\/post"}],"author":[{"embeddable":true,"href":"https:\/\/linitiative.ca\/International\/wp-json\/wp\/v2\/users\/1816"}],"replies":[{"embeddable":true,"href":"https:\/\/linitiative.ca\/International\/wp-json\/wp\/v2\/comments?post=138939"}],"version-history":[{"count":0,"href":"https:\/\/linitiative.ca\/International\/wp-json\/wp\/v2\/posts\/138939\/revisions"}],"wp:attachment":[{"href":"https:\/\/linitiative.ca\/International\/wp-json\/wp\/v2\/media?parent=138939"}],"wp:term":[{"taxonomy":"category","embeddable":true,"href":"https:\/\/linitiative.ca\/International\/wp-json\/wp\/v2\/categories?post=138939"},{"taxonomy":"post_tag","embeddable":true,"href":"https:\/\/linitiative.ca\/International\/wp-json\/wp\/v2\/tags?post=138939"}],"curies":[{"name":"wp","href":"https:\/\/api.w.org\/{rel}","templated":true}]}}