{"id":138944,"date":"2022-01-19T14:44:13","date_gmt":"2022-01-19T19:44:13","guid":{"rendered":"https:\/\/linitiative.ca\/International\/cameroun-lambassade-des-usa-sensibilise-sur-les-programmes-dechanges-universitaires\/"},"modified":"2022-01-19T14:44:13","modified_gmt":"2022-01-19T19:44:13","slug":"cameroun-lambassade-des-usa-sensibilise-sur-les-programmes-dechanges-universitaires","status":"publish","type":"post","link":"https:\/\/linitiative.ca\/International\/cameroun-lambassade-des-usa-sensibilise-sur-les-programmes-dechanges-universitaires\/","title":{"rendered":"Cameroun : l\u2019Ambassade des USA sensibilise sur les programmes d\u2019\u00e9changes universitaires"},"content":{"rendered":"<div>\n<p><img decoding=\"async\" width=\"900\" height=\"600\" src=\"https:\/\/linitiative.ca\/International\/wp-content\/uploads\/sites\/23\/2022\/01\/Etudiants-reunis-a-lamphiteatre-dune-universite-au-Cameroun-Droit-reserve.jpg\" class=\"attachment-post-thumbnail size-post-thumbnail wp-post-image\" alt=\"\" loading=\"lazy\" srcset=\"https:\/\/linitiative.ca\/International\/wp-content\/uploads\/sites\/23\/2022\/01\/Etudiants-reunis-a-lamphiteatre-dune-universite-au-Cameroun-Droit-reserve.jpg 900w, https:\/\/www.journalducameroun.com\/wp-content\/uploads\/2022\/01\/Etudiants-reunis-a-lamphiteatre-dune-universite-au-Cameroun-Droit-reserve-300x200.jpg 300w, https:\/\/www.journalducameroun.com\/wp-content\/uploads\/2022\/01\/Etudiants-reunis-a-lamphiteatre-dune-universite-au-Cameroun-Droit-reserve-768x512.jpg 768w, https:\/\/www.journalducameroun.com\/wp-content\/uploads\/2022\/01\/Etudiants-reunis-a-lamphiteatre-dune-universite-au-Cameroun-Droit-reserve-660x440.jpg 660w, https:\/\/www.journalducameroun.com\/wp-content\/uploads\/2022\/01\/Etudiants-reunis-a-lamphiteatre-dune-universite-au-Cameroun-Droit-reserve-600x400.jpg 600w\" sizes=\"auto, (max-width: 900px) 100vw, 900px\"><\/p>\n<h2 style=\"text-align: justify;\">Du 20 au 21 janvier 2022, la repr\u00e9sentation diplomatique des Etats-Unis organise les journ\u00e9es d\u2019information \u00e0 l\u2019Universit\u00e9 de Yaound\u00e9 I.<\/h2>\n<p style=\"text-align: justify;\">L\u2019amphith\u00e9\u00e2tre 700 de la m\u00e8re des universit\u00e9s camerounaises sert de cadre d\u00e8s ce 20 janvier au d\u00e9roulement d\u2019un enseignement de type particulier. Durant deux jours, l\u2019Ambassade des\u00a0<strong>Etats-Unis<\/strong>\u00a0au\u00a0<strong>Cameroun<\/strong>\u00a0d\u00e9roule un programme de sensibilisation ouvert au public. Chaque jour de 8h \u00e0 16h, les enseignants, les \u00e9tudiants, les parents et toute personne int\u00e9ress\u00e9e y sont convi\u00e9s.<\/p>\n<p style=\"text-align: justify;\">\u00a0En effet, l\u2019objectif est de fournir aux diff\u00e9rents participants des informations sur les programmes d\u2019\u00e9changes universitaires et professionnels financ\u00e9s par le gouvernement am\u00e9ricain et les ressources de l\u2019<strong>American Center<\/strong>. Entrent \u00e9galement en compte, les informations \u00e0 propos des \u00e9tudes au pays de\u00a0<strong>Joe Biden<\/strong>.<\/p>\n<p style=\"text-align: justify;\">Ainsi, plusieurs activit\u00e9s vont meubler les deux jours de sensibilisation. Le programme pr\u00e9voit \u00e0 cet effet une c\u00e9r\u00e9monie d\u2019ouverture, des pr\u00e9sentations par le personnel de l\u2019Ambassade. Puis vont se succ\u00e9der des t\u00e9moignages d\u2019anciens participants aux programmes d\u2019\u00e9changes.<\/p>\n<p style=\"text-align: justify;\">Seront aussi au menu, des pr\u00e9sentations sur les ressources documentaires et des bases de donn\u00e9es en ligne. Les participants seront aussi entretenus, \u00e0 travers des ateliers, sur la mani\u00e8re de postuler aux programmes d\u2019\u00e9change.<\/p>\n<p style=\"text-align: justify;\">Ils auront en bonus des conseils concernant les \u00e9tudes aux USA. De nombreux lots sont pr\u00e9vus pour r\u00e9compenser ceux qui vont participer aux jeux et aux quiz pr\u00e9vus, informe un communiqu\u00e9 de l\u2019Ambassade en date du 19 janvier 2022.<\/p>\n<p>\u00a0<\/p>\n<p>Cet article <a rel=\"nofollow\" href=\"https:\/\/www.journalducameroun.com\/cameroun-lambassade-des-usa-sensibilise-sur-les-programmes-dechanges-universitaires\/\">Cameroun : l\u2019Ambassade des USA sensibilise sur les programmes d\u2019\u00e9changes universitaires<\/a> est apparu en premier sur <a rel=\"nofollow\" href=\"https:\/\/www.journalducameroun.com\/\">Journal du Cameroun<\/a>.<\/p>\n<\/div>\n<p>Auteur: Emile Zola Nd\u00e9 Tchoussi<br \/>\n<a href=\"https:\/\/www.journalducameroun.com\/cameroun-lambassade-des-usa-sensibilise-sur-les-programmes-dechanges-universitaires\/\">Cliquez ici pour lire l&rsquo;article depuis sa source.<\/a><\/p>\n","protected":false},"excerpt":{"rendered":"<p>Du 20 au 21 janvier 2022, la repr\u00e9sentation diplomatique des Etats-Unis organise les journ\u00e9es d\u2019information \u00e0 l\u2019Universit\u00e9 de Yaound\u00e9 I. L\u2019amphith\u00e9\u00e2tre 700 de la m\u00e8re des universit\u00e9s camerounaises sert de cadre d\u00e8s ce 20 janvier au d\u00e9roulement d\u2019un enseignement de type particulier. Durant deux jours, l\u2019Ambassade des\u00a0Etats-Unis\u00a0au\u00a0Cameroun\u00a0d\u00e9roule un programme de sensibilisation ouvert au public. Chaque [&hellip;]<\/p>\n","protected":false},"author":1965,"featured_media":0,"comment_status":"closed","ping_status":"closed","sticky":false,"template":"","format":"standard","meta":{"fifu_image_url":"https:\/\/www.journalducameroun.com\/wp-content\/uploads\/2022\/01\/Etudiants-reunis-a-lamphiteatre-dune-universite-au-Cameroun-Droit-reserve.jpg","fifu_image_alt":"Cameroun : l\u2019Ambassade des USA sensibilise sur les programmes d\u2019\u00e9changes universitaires","footnotes":""},"categories":[73,82],"tags":[],"class_list":["post-138944","post","type-post","status-publish","format-standard","hentry","category-actualite","category-cameroun"],"_links":{"self":[{"href":"https:\/\/linitiative.ca\/International\/wp-json\/wp\/v2\/posts\/138944","targetHints":{"allow":["GET"]}}],"collection":[{"href":"https:\/\/linitiative.ca\/International\/wp-json\/wp\/v2\/posts"}],"about":[{"href":"https:\/\/linitiative.ca\/International\/wp-json\/wp\/v2\/types\/post"}],"author":[{"embeddable":true,"href":"https:\/\/linitiative.ca\/International\/wp-json\/wp\/v2\/users\/1965"}],"replies":[{"embeddable":true,"href":"https:\/\/linitiative.ca\/International\/wp-json\/wp\/v2\/comments?post=138944"}],"version-history":[{"count":0,"href":"https:\/\/linitiative.ca\/International\/wp-json\/wp\/v2\/posts\/138944\/revisions"}],"wp:attachment":[{"href":"https:\/\/linitiative.ca\/International\/wp-json\/wp\/v2\/media?parent=138944"}],"wp:term":[{"taxonomy":"category","embeddable":true,"href":"https:\/\/linitiative.ca\/International\/wp-json\/wp\/v2\/categories?post=138944"},{"taxonomy":"post_tag","embeddable":true,"href":"https:\/\/linitiative.ca\/International\/wp-json\/wp\/v2\/tags?post=138944"}],"curies":[{"name":"wp","href":"https:\/\/api.w.org\/{rel}","templated":true}]}}