{"id":138950,"date":"2022-01-19T17:18:03","date_gmt":"2022-01-19T22:18:03","guid":{"rendered":"https:\/\/linitiative.ca\/International\/cote-divoire-demarrage-des-ateliers-thematiques-des-etats-generaux-de-leducation\/"},"modified":"2022-01-19T17:18:03","modified_gmt":"2022-01-19T22:18:03","slug":"cote-divoire-demarrage-des-ateliers-thematiques-des-etats-generaux-de-leducation","status":"publish","type":"post","link":"https:\/\/linitiative.ca\/International\/cote-divoire-demarrage-des-ateliers-thematiques-des-etats-generaux-de-leducation\/","title":{"rendered":"C\u00f4te d\u2019Ivoire: d\u00e9marrage des ateliers th\u00e9matiques des \u00e9tats g\u00e9n\u00e9raux de l\u2019\u00e9ducation"},"content":{"rendered":"<div>\n<p><img decoding=\"async\" width=\"1008\" height=\"756\" src=\"https:\/\/linitiative.ca\/International\/wp-content\/uploads\/sites\/23\/2022\/01\/16426306839313.jpg\" class=\"attachment-post-thumbnail size-post-thumbnail wp-post-image\" alt=\"\" loading=\"lazy\" srcset=\"https:\/\/linitiative.ca\/International\/wp-content\/uploads\/sites\/23\/2022\/01\/16426306839313.jpg 1008w, https:\/\/www.journalducameroun.com\/wp-content\/uploads\/2022\/01\/16426306839313-300x225.jpg 300w, https:\/\/www.journalducameroun.com\/wp-content\/uploads\/2022\/01\/16426306839313-768x576.jpg 768w, https:\/\/www.journalducameroun.com\/wp-content\/uploads\/2022\/01\/16426306839313-587x440.jpg 587w, https:\/\/www.journalducameroun.com\/wp-content\/uploads\/2022\/01\/16426306839313-600x450.jpg 600w\" sizes=\"auto, (max-width: 1008px) 100vw, 1008px\"><\/p>\n<p>Les commissions techniques des \u00e9tats g\u00e9n\u00e9raux de l&rsquo;\u00e9ducation nationale et de l&rsquo;alphab\u00e9tisation, en C\u00f4te d&rsquo;Ivoire, ont d\u00e9but\u00e9 mardi leurs travaux, dans des ateliers th\u00e9matiques.<\/p>\n<p>Ces ateliers th\u00e9matiques interviennent \u00e0 la suite des concertations citoyennes qui se sont d\u00e9roul\u00e9es dans les diff\u00e9rentes r\u00e9gions et les Districts autonomes du pays avec l&rsquo;ensemble des acteurs locaux du monde \u00e9ducatif.<\/p>\n<p>Les commissions th\u00e9matiques sont install\u00e9es par le minist\u00e8re de l&rsquo;Education nationale et de l&rsquo;alphab\u00e9tisation. Elles sont dirig\u00e9es par des experts de divers domaines qui plancheront particuli\u00e8rement sur sept th\u00e9matiques.<\/p>\n<p>Ces experts ont pour r\u00f4le de faire un toilettage cons\u00e9quent de la politique \u00e9ducative et du cadre l\u00e9gal, de l&rsquo;inclusion, de la qualit\u00e9 des enseignements et des apprentissages, ainsi que la pertinence et l&rsquo;efficacit\u00e9 interne et externe.<\/p>\n<p>Ils r\u00e9fl\u00e9chiront \u00e9galement sur la soci\u00e9t\u00e9 apprenante, la gouvernance et le dialogue social et feront des propositions sur la digitalisation du syst\u00e8me \u00e9ducatif, un vecteur fondamental pour former anticiper sur les d\u00e9fis de d\u00e9veloppement futurs.<\/p>\n<p>Les travaux de cette premi\u00e8re journ\u00e9e ont d\u00e9but\u00e9 avec la commission en charge de \u00ab\u00a0la probl\u00e9matique de la digitalisation du syst\u00e8me \u00e9ducatif : enjeux et perspectives\u00a0\u00bb.<\/p>\n<p>Cette Commission est pr\u00e9sid\u00e9e par l&rsquo;actuel directeur g\u00e9n\u00e9ral de la Poste de C\u00f4te d&rsquo;Ivoire, M. Isaac Gnangbo-Yao. Les participants ont examin\u00e9 au cours de cette rencontre, les documents de r\u00e9f\u00e9rence qui devront servir de base de travail, de m\u00eame que le mode op\u00e9ratoire et le canevas de rapportage.<\/p>\n<p>Ils ont ensemble convenu de la n\u00e9cessit\u00e9 de proposer des solutions qui permettront de faire \u00e9voluer les paradigmes et de d\u00e9dramatiser l&rsquo;utilisation du num\u00e9rique, pour en faire une force au service du d\u00e9veloppement de la C\u00f4te d&rsquo;Ivoire.<\/p>\n<p>Les membres de la Commission ont insist\u00e9 sur la n\u00e9cessit\u00e9 de la consolidation et l&rsquo;am\u00e9lioration de l&rsquo;existant en termes d&rsquo;investissements dans le domaine du num\u00e9rique, mais aussi de l&rsquo;indispensable pertinence de la p\u00e9rennisation et de la mise \u00e0 \u00e9chelle durable des bonnes pratiques.<\/p>\n<p>Ces travaux devraient se d\u00e9rouler sur un mois environ, afin de permettre aux commissions respectives de produire un travail potable qui sera revers\u00e9 au Comit\u00e9 scientifique pour la consolidation finale, avant la remise officielle des r\u00e9sultats de ces \u00e9tats g\u00e9n\u00e9raux au chef de l&rsquo;Etat.<\/p>\n<p>En attendant cette \u00e9tape finale, le minist\u00e8re offre toujours l&rsquo;opportunit\u00e9 aux diff\u00e9rentes corporations civiles de faire valoir leurs contributions \u00e0 travers la production d&rsquo;un livre blanc ou \u00e0 tout citoyen, la possibilit\u00e9 de participer sur la plateforme digitale initi\u00e9e \u00e0 cet effet.<\/p>\n<p>Les \u00e9tats g\u00e9n\u00e9raux de l&rsquo;\u00e9ducation nationale et de l&rsquo;alphab\u00e9tisation se veulent inclusifs, afin de faire un large ratissage des pr\u00e9occupations des populations et les adresser avec des solutions objectives et innovantes pour une offre \u00e9ducative performante;<\/p>\n<p>Cet article <a rel=\"nofollow\" href=\"https:\/\/www.journalducameroun.com\/cote-divoire-demarrage-des-ateliers-thematiques-des-etats-generaux-de-leducation\/\">C\u00f4te d\u2019Ivoire: d\u00e9marrage des ateliers th\u00e9matiques des \u00e9tats g\u00e9n\u00e9raux de l\u2019\u00e9ducation<\/a> est apparu en premier sur <a rel=\"nofollow\" href=\"https:\/\/www.journalducameroun.com\/\">Journal du Cameroun<\/a>.<\/p>\n<\/div>\n<p>Auteur: APA News<br \/>\n<a href=\"https:\/\/www.journalducameroun.com\/cote-divoire-demarrage-des-ateliers-thematiques-des-etats-generaux-de-leducation\/\">Cliquez ici pour lire l&rsquo;article depuis sa source.<\/a><\/p>\n","protected":false},"excerpt":{"rendered":"<p>Les commissions techniques des \u00e9tats g\u00e9n\u00e9raux de l&rsquo;\u00e9ducation nationale et de l&rsquo;alphab\u00e9tisation, en C\u00f4te d&rsquo;Ivoire, ont d\u00e9but\u00e9 mardi leurs travaux, dans des ateliers th\u00e9matiques. Ces ateliers th\u00e9matiques interviennent \u00e0 la suite des concertations citoyennes qui se sont d\u00e9roul\u00e9es dans les diff\u00e9rentes r\u00e9gions et les Districts autonomes du pays avec l&rsquo;ensemble des acteurs locaux du monde [&hellip;]<\/p>\n","protected":false},"author":1965,"featured_media":0,"comment_status":"closed","ping_status":"closed","sticky":false,"template":"","format":"standard","meta":{"fifu_image_url":"https:\/\/www.journalducameroun.com\/wp-content\/uploads\/2022\/01\/16426306839313.jpg","fifu_image_alt":"C\u00f4te d\u2019Ivoire: d\u00e9marrage des ateliers th\u00e9matiques des \u00e9tats g\u00e9n\u00e9raux de l\u2019\u00e9ducation","footnotes":""},"categories":[73,82],"tags":[],"class_list":["post-138950","post","type-post","status-publish","format-standard","hentry","category-actualite","category-cameroun"],"_links":{"self":[{"href":"https:\/\/linitiative.ca\/International\/wp-json\/wp\/v2\/posts\/138950","targetHints":{"allow":["GET"]}}],"collection":[{"href":"https:\/\/linitiative.ca\/International\/wp-json\/wp\/v2\/posts"}],"about":[{"href":"https:\/\/linitiative.ca\/International\/wp-json\/wp\/v2\/types\/post"}],"author":[{"embeddable":true,"href":"https:\/\/linitiative.ca\/International\/wp-json\/wp\/v2\/users\/1965"}],"replies":[{"embeddable":true,"href":"https:\/\/linitiative.ca\/International\/wp-json\/wp\/v2\/comments?post=138950"}],"version-history":[{"count":0,"href":"https:\/\/linitiative.ca\/International\/wp-json\/wp\/v2\/posts\/138950\/revisions"}],"wp:attachment":[{"href":"https:\/\/linitiative.ca\/International\/wp-json\/wp\/v2\/media?parent=138950"}],"wp:term":[{"taxonomy":"category","embeddable":true,"href":"https:\/\/linitiative.ca\/International\/wp-json\/wp\/v2\/categories?post=138950"},{"taxonomy":"post_tag","embeddable":true,"href":"https:\/\/linitiative.ca\/International\/wp-json\/wp\/v2\/tags?post=138950"}],"curies":[{"name":"wp","href":"https:\/\/api.w.org\/{rel}","templated":true}]}}