{"id":138955,"date":"2022-01-19T08:32:37","date_gmt":"2022-01-19T13:32:37","guid":{"rendered":"https:\/\/linitiative.ca\/International\/la-camerounaise-laure-nicaise-matueno-rejoint-le-conseil-dadministration-du-courtier-suisse-brokerslink\/"},"modified":"2022-01-19T08:32:37","modified_gmt":"2022-01-19T13:32:37","slug":"la-camerounaise-laure-nicaise-matueno-rejoint-le-conseil-dadministration-du-courtier-suisse-brokerslink","status":"publish","type":"post","link":"https:\/\/linitiative.ca\/International\/la-camerounaise-laure-nicaise-matueno-rejoint-le-conseil-dadministration-du-courtier-suisse-brokerslink\/","title":{"rendered":"La camerounaise Laure Nicaise Matueno rejoint le conseil d\u2019administration du courtier suisse Brokerslink"},"content":{"rendered":"<div>\n<p>\u00abJe suis heureux d\u2019accueillir Anthony, Denise, Jorge et Laure au sein du conseil d\u2019administration. Leurs connaissances, leur expertise et leur engagement envers Brokerslink seront essentiels pour faire avancer l\u2019entreprise en 2022 et au-del\u00e0, alors que nous continuons \u00e0 \u00e9tendre notre empreinte et \u00e0 investir dans l\u2019innovation technologique pour soutenir nos partenaires et nos affili\u00e9s. En tant que r\u00e9seau mondial de courtage, il est important que nous ayons un conseil d\u2019administration qui refl\u00e8te la riche diversit\u00e9 de notre communaut\u00e9 de courtage \u00e0 travers le monde et celle de leurs clients\u00bb.\u00a0Jos\u00e9 Manuel Fonseca, Pr\u00e9sident- fondateur de Brokerslink, groupe international de courtage en assurances et r\u00e9assurances, r\u00e9agissait ce 18 janvier 2022, au terme\u00a0de l\u2019assembl\u00e9e g\u00e9n\u00e9rale annuelle de cette soci\u00e9t\u00e9.<\/p>\n<p>\u00a0La\u00a0Directrice g\u00e9n\u00e9rale de Generalia Assurances,\u00a0partenaire de Brokerslink au Cameroun,\u00a0a \u00e9t\u00e9 d\u00e9sign\u00e9e \u00e0 ce si\u00e8ge au m\u00eame titre qu\u2019Anthony Lim, Fondateur et Pr\u00e9sident ex\u00e9cutif d\u2019Acclaim Insurance Brokers, partenaire de Brokerslink \u00e0 Singapour,\u00a0Denise Nart, Responsable des comptes mondiaux, de la r\u00e9assurance et du d\u00e9veloppement commercial et Vice-Pr\u00e9sidente du conseil d\u2019administration de Nart Insurance &amp; Reinsurance Brokerage, partenaire de Brokerslink en Turquie, et\u00a0Jorge Manuel Arias, Co-propri\u00e9taire et Directeur g\u00e9n\u00e9ral de Corporaci\u00f3n Continental, partenaire de Brokerslink au Panama.\u00a0<\/p>\n<p>\u00abJe tiens \u00e0 remercier Sunny, Roger, Rohan et Francisco pour leur soutien au cours des cinq derni\u00e8res ann\u00e9es, une p\u00e9riode cl\u00e9 de croissance et de consolidation pour Brokerslink. Leur r\u00f4le a \u00e9t\u00e9 grandement appr\u00e9ci\u00e9 au sein du r\u00e9seau ainsi que dans le secteur de l\u2019assurance au sens large\u00bb, a ajout\u00e9\u00a0Manuel Fonseca.\u00a0Laure Nicaise Matueno et les trois nouveaux promis sont d\u00e9sormais admis \u00e0 participer aux grandes d\u00e9lib\u00e9rations et r\u00e9solutions du groupe\u00a0Brokerslink, aux c\u00f4t\u00e9s des autres membres du conseil d\u2019administration :\u00a0Steve Hearn du Royaume-Uni, Edoardo Leusciatti de Suisse, Gr\u00e9gory Allard de France, Jamie Crystal des \u00c9tats-Unis, Patrick Chan de Hong Kong, Patrick Verlinden de Belgique, Stefan M\u00fcller de Suisse et Youness Rhallam du Maroc.<\/p>\n<p>De droit Suisse, le groupe Brokerslink dispose d\u2019un r\u00e9seau mondial de courtage d\u2019assurances constitu\u00e9 autour de partenaires et affili\u00e9s pr\u00e9sents dans 122 pays. D\u00e9sign\u00e9e pour un mandat de 5 ans, Laure Nicaise Matueno op\u00e8re dans le secteur des assurances depuis plus de 20 ans. Apr\u00e8s avoir pass\u00e9 14 ans au sein du groupe Activa, elle fonde en 2013, la soci\u00e9t\u00e9 de Courtage d\u2019assurances et de R\u00e9assurances Generalia Assurances. Membre de la Fiac (F\u00e9d\u00e9ration inter-Africaine des assureurs conseils), elle est par ailleurs Secr\u00e9taire G\u00e9n\u00e9rale Adjointe de l\u2019Apcar (Association professionnelle des courtiers d\u2019assurances et de r\u00e9assurances du Cameroun).<\/p>\n<p>L\u2019article <a rel=\"nofollow\" href=\"https:\/\/ecomatin.net\/la-camerounaise-laure-nicaise-matueno-rejoint-le-conseil-dadministration-du-courtier-suisse-brokerslink\/\">La camerounaise Laure Nicaise Matueno rejoint le conseil d\u2019administration du courtier suisse Brokerslink<\/a> est apparu en premier sur <a rel=\"nofollow\" href=\"https:\/\/ecomatin.net\/\">EcoMatin<\/a>.<\/p>\n<\/div>\n<p>Auteur: Georges Semey<br \/>\n<a href=\"https:\/\/ecomatin.net\/la-camerounaise-laure-nicaise-matueno-rejoint-le-conseil-dadministration-du-courtier-suisse-brokerslink\/\">Cliquez ici pour lire l&rsquo;article depuis sa source.<\/a><\/p>\n","protected":false},"excerpt":{"rendered":"<p>\u00abJe suis heureux d\u2019accueillir Anthony, Denise, Jorge et Laure au sein du conseil d\u2019administration. Leurs connaissances, leur expertise et leur engagement envers Brokerslink seront essentiels pour faire avancer l\u2019entreprise en 2022 et au-del\u00e0, alors que nous continuons \u00e0 \u00e9tendre notre empreinte et \u00e0 investir dans l\u2019innovation technologique pour soutenir nos partenaires et nos affili\u00e9s. En [&hellip;]<\/p>\n","protected":false},"author":1969,"featured_media":0,"comment_status":"closed","ping_status":"closed","sticky":false,"template":"","format":"standard","meta":{"fifu_image_url":"","fifu_image_alt":"","footnotes":""},"categories":[82,78],"tags":[],"class_list":["post-138955","post","type-post","status-publish","format-standard","hentry","category-cameroun","category-economie"],"_links":{"self":[{"href":"https:\/\/linitiative.ca\/International\/wp-json\/wp\/v2\/posts\/138955","targetHints":{"allow":["GET"]}}],"collection":[{"href":"https:\/\/linitiative.ca\/International\/wp-json\/wp\/v2\/posts"}],"about":[{"href":"https:\/\/linitiative.ca\/International\/wp-json\/wp\/v2\/types\/post"}],"author":[{"embeddable":true,"href":"https:\/\/linitiative.ca\/International\/wp-json\/wp\/v2\/users\/1969"}],"replies":[{"embeddable":true,"href":"https:\/\/linitiative.ca\/International\/wp-json\/wp\/v2\/comments?post=138955"}],"version-history":[{"count":0,"href":"https:\/\/linitiative.ca\/International\/wp-json\/wp\/v2\/posts\/138955\/revisions"}],"wp:attachment":[{"href":"https:\/\/linitiative.ca\/International\/wp-json\/wp\/v2\/media?parent=138955"}],"wp:term":[{"taxonomy":"category","embeddable":true,"href":"https:\/\/linitiative.ca\/International\/wp-json\/wp\/v2\/categories?post=138955"},{"taxonomy":"post_tag","embeddable":true,"href":"https:\/\/linitiative.ca\/International\/wp-json\/wp\/v2\/tags?post=138955"}],"curies":[{"name":"wp","href":"https:\/\/api.w.org\/{rel}","templated":true}]}}