{"id":138956,"date":"2022-01-19T12:28:44","date_gmt":"2022-01-19T17:28:44","guid":{"rendered":"https:\/\/linitiative.ca\/International\/afriland-first-bank-sassocie-a-la-fondation-inter-progress-pour-lorganisation-de-promote-2022\/"},"modified":"2022-01-19T12:28:44","modified_gmt":"2022-01-19T17:28:44","slug":"afriland-first-bank-sassocie-a-la-fondation-inter-progress-pour-lorganisation-de-promote-2022","status":"publish","type":"post","link":"https:\/\/linitiative.ca\/International\/afriland-first-bank-sassocie-a-la-fondation-inter-progress-pour-lorganisation-de-promote-2022\/","title":{"rendered":"Afriland First Bank s\u2019associe \u00e0 la Fondation Inter-Progress pour l\u2019organisation de Promote 2022"},"content":{"rendered":"<div>\n<p>\u00abLa tendance qui se d\u00e9gage de plus en plus de par le monde, dans le domaine des grands salons, est un nouveau deal entre les organes publics supervisant les grandes manifestations promotionnelles, leur donnant l\u2019autorisation \u00e0 tenir manifestation publique, et les groupes de sages form\u00e9s de chefs d\u2019entreprises avis\u00e9s qui appuient et conseillent ces grandes manifestations agissant pour l\u2019int\u00e9r\u00eat g\u00e9n\u00e9ral\u00a0\u00bb. Tel sont les propos de Pierre Zumbach, le Pr\u00e9sident de la Fondation Inter-Progress, pour d\u00e9crire le partenariat majeur que vient de signer la fondation Inter-Progress, porteur du Salon international de l\u2019entreprise, de la PME et du partenariat de Yaound\u00e9 (Promote) et Afriland First Bank.<\/p>\n<p><strong>Lire aussi<\/strong> : <strong><a href=\"https:\/\/ecomatin.net\/promote-2019-zumbach-fait-le-dessin-dun-autre-centre-dexposition\/\">Promote 2019\u00a0: Zumbach fait le dessin d\u2019un autre centre d\u2019exposition<\/a><\/strong><\/p>\n<p>En effet ce 19 janvier 2022, marque la date de signature de la convention de partenariat majeur entre Afriland First Bank et Promote. L\u2019institution bancaire justifie donc son engagement dans le cadre de la 8<sup>e<\/sup>\u00a0\u00e9dition de Promote par une volont\u00e9 d\u2019accompagner l\u2019\u00e9conomie. \u00ab\u00a0Afriland First Bank a pris la responsabilit\u00e9 de soutenir tous les leviers de cr\u00e9ation de richesse, c\u2019est la raison pour laquelle, nous sommes pr\u00e9sents aux c\u00f4t\u00e9s de l\u2019Etat, des particuliers, des entreprises\u00a0de toutes tailles : grandes, moyennes, petites, et m\u00eame tr\u00e8s petite\u00a0\u00bb, a indiqu\u00e9 Youssoufa Bouba, Directeur g\u00e9n\u00e9ral Adjoint, repr\u00e9sentant l\u2019Administrateur g\u00e9n\u00e9ral de la Banque. Et de poursuivre \u00ab\u00a0Afriland First Bank a convenu d\u2019endosser le statut de partenaire majeur Promote, parce que cela repr\u00e9sente, \u00e0 nos yeux, une occasion formidable pour soutenir un segment sp\u00e9cifique de sa client\u00e8le\u00a0: la PME, qui constitue un maillon important de notre tissu \u00e9conomique\u2026\u00bb.<\/p>\n<p><strong>Lire aussi<\/strong> : <strong><a href=\"https:\/\/ecomatin.net\/promote-2019-giz-accompagne-une-soixantaine-dentreprises\/\">Promote 2019: GIZ accompagne une soixantaine d\u2019entreprises<\/a><\/strong><\/p>\n<p>Dans le cadre de ce partenariat Afriland a pris la d\u00e9cision d\u2019accorder un accompagnement \u00e0 20 PME, choisies sur la base \u00ab\u00a0de leurs potentiels de croissance et d\u00e9veloppement \u00e9conomique\u00a0\u00bb. L\u2019accompagnement en question prend en compte la pr\u00e9sence physique de ces 20 PME \u00e0 l\u2019\u00e9v\u00e8nement et un suivi avant, pendant et apr\u00e8s Promote. Indiquons ici que le suivi apr\u00e8s Promote sera ax\u00e9 sur un accompagnement aux services non-financiers que propose la banque. L\u2019accompagnement de la banque ne se limite pas seulement \u00e0 ces 20 PME, il est aussi pr\u00e9vu qu\u2019elle apporte une offre pour la pr\u00e9paration de ce grand rendez-vous de la PME.<\/p>\n<p><strong>Lire aussi<\/strong> : <strong><a href=\"https:\/\/ecomatin.net\/commerce-intra-africain-la-fondation-inter-progress-analyse-les-contours-de-la-zone-de-libre-echange-africaine\/\" target=\"_blank\" rel=\"noreferrer noopener\">Commerce intra-africain : la Fondation inter-progress analyse les contours de la Zone de libre-\u00e9change africaine<\/a><\/strong><\/p>\n<p>Autre point saillant de ce partenariat, Promote offre \u00e0 Afriland un espace institutionnelle pour sa communication d\u2019entreprise. A cela s\u2019ajoute un retour d\u2019image sur le site, \u00e0 travers les m\u00e9dias, de m\u00eame que dans le cadre du forum de Yaound\u00e9, qu\u2019organisera la Foundation Inter-Progress \u00e0 l\u2019occasion des vingt ans de Promote.<\/p>\n<p>Rappelons que la 8<sup>e<\/sup>\u00a0\u00e9dition du Salon international de l\u2019entreprise, de la PME et du partenariat de Yaound\u00e9 (Promote), se tiendra du 19 au 27 f\u00e9vrier, sous le th\u00e8me Industrialisation de l\u2019Afrique, une cl\u00e9 pour l\u2019\u00e9mergence du continent. Avec pour innovations majeures le partenaire majeur et le renforcement du volet digital.<\/p>\n<p>L\u2019article <a rel=\"nofollow\" href=\"https:\/\/ecomatin.net\/afriland-first-bank-sassocie-a-la-fondation-inter-progress-pour-lorganisation-de-promote-2022\/\">Afriland First Bank s\u2019associe \u00e0 la Fondation Inter-Progress pour l\u2019organisation de Promote 2022<\/a> est apparu en premier sur <a rel=\"nofollow\" href=\"https:\/\/ecomatin.net\/\">EcoMatin<\/a>.<\/p>\n<\/div>\n<p>Auteur: Cindy MBALA<br \/>\n<a href=\"https:\/\/ecomatin.net\/afriland-first-bank-sassocie-a-la-fondation-inter-progress-pour-lorganisation-de-promote-2022\/\">Cliquez ici pour lire l&rsquo;article depuis sa source.<\/a><\/p>\n","protected":false},"excerpt":{"rendered":"<p>\u00abLa tendance qui se d\u00e9gage de plus en plus de par le monde, dans le domaine des grands salons, est un nouveau deal entre les organes publics supervisant les grandes manifestations promotionnelles, leur donnant l\u2019autorisation \u00e0 tenir manifestation publique, et les groupes de sages form\u00e9s de chefs d\u2019entreprises avis\u00e9s qui appuient et conseillent ces grandes [&hellip;]<\/p>\n","protected":false},"author":1969,"featured_media":0,"comment_status":"closed","ping_status":"closed","sticky":false,"template":"","format":"standard","meta":{"fifu_image_url":"","fifu_image_alt":"","footnotes":""},"categories":[82,78],"tags":[],"class_list":["post-138956","post","type-post","status-publish","format-standard","hentry","category-cameroun","category-economie"],"_links":{"self":[{"href":"https:\/\/linitiative.ca\/International\/wp-json\/wp\/v2\/posts\/138956","targetHints":{"allow":["GET"]}}],"collection":[{"href":"https:\/\/linitiative.ca\/International\/wp-json\/wp\/v2\/posts"}],"about":[{"href":"https:\/\/linitiative.ca\/International\/wp-json\/wp\/v2\/types\/post"}],"author":[{"embeddable":true,"href":"https:\/\/linitiative.ca\/International\/wp-json\/wp\/v2\/users\/1969"}],"replies":[{"embeddable":true,"href":"https:\/\/linitiative.ca\/International\/wp-json\/wp\/v2\/comments?post=138956"}],"version-history":[{"count":0,"href":"https:\/\/linitiative.ca\/International\/wp-json\/wp\/v2\/posts\/138956\/revisions"}],"wp:attachment":[{"href":"https:\/\/linitiative.ca\/International\/wp-json\/wp\/v2\/media?parent=138956"}],"wp:term":[{"taxonomy":"category","embeddable":true,"href":"https:\/\/linitiative.ca\/International\/wp-json\/wp\/v2\/categories?post=138956"},{"taxonomy":"post_tag","embeddable":true,"href":"https:\/\/linitiative.ca\/International\/wp-json\/wp\/v2\/tags?post=138956"}],"curies":[{"name":"wp","href":"https:\/\/api.w.org\/{rel}","templated":true}]}}