{"id":138957,"date":"2022-01-20T06:25:04","date_gmt":"2022-01-20T11:25:04","guid":{"rendered":"https:\/\/linitiative.ca\/International\/reflexion-a-lere-post-covid-un-1er-sommet-mena-du-developpement-humain-se-tient-en-ligne-jusquau-22-janvier\/"},"modified":"2022-01-20T06:25:04","modified_gmt":"2022-01-20T11:25:04","slug":"reflexion-a-lere-post-covid-un-1er-sommet-mena-du-developpement-humain-se-tient-en-ligne-jusquau-22-janvier","status":"publish","type":"post","link":"https:\/\/linitiative.ca\/International\/reflexion-a-lere-post-covid-un-1er-sommet-mena-du-developpement-humain-se-tient-en-ligne-jusquau-22-janvier\/","title":{"rendered":"R\u00e9flexion \u00e0 l\u2019\u00e8re post-covid: Un 1er Sommet MENA du D\u00e9veloppement Humain se tient en ligne jusqu\u2019au 22 janvier"},"content":{"rendered":"<div>\n<p><img loading=\"lazy\" decoding=\"async\" width=\"300\" height=\"153\" src=\"https:\/\/linitiative.ca\/International\/wp-content\/uploads\/sites\/23\/2022\/01\/Sommet-MENA-du-DeCC81veloppement-Humain-300x153-1.jpg\" class=\"attachment-medium size-medium wp-post-image\" alt=\"\" srcset=\"https:\/\/linitiative.ca\/International\/wp-content\/uploads\/sites\/23\/2022\/01\/Sommet-MENA-du-DeCC81veloppement-Humain-300x153-1.jpg 300w, https:\/\/aujourdhui.ma\/wp-content\/uploads\/2022\/01\/Sommet-MENA-du-De\u0301veloppement-Humain-274x140.jpg 274w, https:\/\/aujourdhui.ma\/wp-content\/uploads\/2022\/01\/Sommet-MENA-du-De\u0301veloppement-Humain.jpg 746w, https:\/\/aujourdhui.ma\/wp-content\/uploads\/2022\/01\/Sommet-MENA-du-De\u0301veloppement-Humain-165x84.jpg 165w, https:\/\/aujourdhui.ma\/wp-content\/uploads\/2022\/01\/Sommet-MENA-du-De\u0301veloppement-Humain-702x358.jpg 702w\" sizes=\"auto, (max-width: 300px) 100vw, 300px\"><\/p>\n<p><span style=\"font-size: 20px; color: #800000;\"><strong>Le 1er Sommet MENA du D\u00e9veloppement Humain, qui se poursuit jusqu\u2019au 22 janvier en ligne, \u00e0 l\u2019initiative de l\u2019association \u00abCercle Des Diamants\u00bb concr\u00e9tise la conviction de cette structure quant \u00e0 l\u2019importance de \u00abnourrir la conscience, inspirer et insuffler l\u2019espoir en temps de crise et de transition post-crise\u00bb.<\/strong> <\/span><span id=\"more-397885\"><\/span><\/p>\n<p>Ce Sommet, qui se tient sous la th\u00e9matique au c\u0153ur des pr\u00e9occupations actuelles \u00abnaviguons dans l\u2019incertitude\u00bb, constitue un carrefour des professionnels de l\u2019accompagnement de l\u2019humain, originaires ou r\u00e9sidents de la r\u00e9gion MENA. Cet \u00e9v\u00e9nement se veut novateur et f\u00e9d\u00e9rateur, r\u00e9unissant pendant 4 jours aussi bien des experts \u00e9minents du d\u00e9veloppement humain, qu\u2019un public qualifi\u00e9 d\u00e9sirant prendre les r\u00eanes de son devenir et cultiver son anti-fragilit\u00e9 en ce contexte actuel peint d\u2019instabilit\u00e9.<\/p>\n<p>Autour des th\u00e9matiques percutantes telles que le leadership, la r\u00e9silience, l\u2019agilit\u00e9, la pens\u00e9e positive et la spiritualit\u00e9, 4 conf\u00e9rences et 1 table ronde sont tenues lors du Sommet. Ces derni\u00e8res sont anim\u00e9es par 10 speakers distingu\u00e9s de la r\u00e9gion MENA, dont Dr. Mureed KULLAB, Jihen GATTI, Ilham OUZZANI, Dr. Youssef ABOUSSIR, Rim KASSOUS, Khalid ODRHIRI, Samah CHERIGUI, Wafa EL HILALI, \u2026<\/p>\n<p>Le 1er Sommet MENA du D\u00e9veloppement Humain organis\u00e9 par le \u00abCercle Des Diamants\u00bb a pour but d\u2019insuffler l\u2019optimisme ainsi qu\u2019un tournant profitable de changement positif et durable, notamment dans une p\u00e9riode de reconstruction sur divers plans, n\u00e9cessitant un \u00e9tat d\u2019esprit et des pratiques fortement emprunt\u00e9s de la r\u00e9silience, cette aptitude \u00e0 naviguer dans l\u2019incertain!<\/p>\n<p>Pour rappel, cet \u00e9v\u00e9nement gratuit est accessibe sur inscription via le lien:<\/p>\n<p><strong><span style=\"color: #0000ff;\"><a style=\"color: #0000ff;\" href=\"https:\/\/cercledesdiamantsevents.com\/index.php\/inscription\/\" data-saferedirecturl=\"https:\/\/www.google.com\/url?q=https:\/\/cercledesdiamantsevents.com\/index.php\/inscription\/&amp;source=gmail&amp;ust=1642764222917000&amp;usg=AOvVaw2vhbYW9QMEkuqgXNd5e-1w\">https:\/\/cercledesdiamantsevents.com\/index.php\/inscription\/<\/a><\/span><\/strong><\/p>\n<\/div>\n<p>Auteur: ALM<br \/>\n<a href=\"https:\/\/aujourdhui.ma\/economie\/reflexion-a-lere-post-covid-un-1er-sommet-mena-du-developpement-humain-se-tient-en-ligne-jusquau-22-janvier\">Cliquez ici pour lire l&rsquo;article depuis sa source.<\/a><\/p>\n","protected":false},"excerpt":{"rendered":"<p>Le 1er Sommet MENA du D\u00e9veloppement Humain, qui se poursuit jusqu\u2019au 22 janvier en ligne, \u00e0 l\u2019initiative de l\u2019association \u00abCercle Des Diamants\u00bb concr\u00e9tise la conviction de cette structure quant \u00e0 l\u2019importance de \u00abnourrir la conscience, inspirer et insuffler l\u2019espoir en temps de crise et de transition post-crise\u00bb. Ce Sommet, qui se tient sous la th\u00e9matique [&hellip;]<\/p>\n","protected":false},"author":1759,"featured_media":0,"comment_status":"closed","ping_status":"closed","sticky":false,"template":"","format":"standard","meta":{"fifu_image_url":"https:\/\/aujourdhui.ma\/wp-content\/uploads\/2022\/01\/Sommet-MENA-du-De\u0301veloppement-Humain-300x153.jpg","fifu_image_alt":"R\u00e9flexion \u00e0 l\u2019\u00e8re post-covid: Un 1er Sommet MENA du D\u00e9veloppement Humain se tient en ligne jusqu\u2019au 22 janvier","footnotes":""},"categories":[73,54],"tags":[],"class_list":["post-138957","post","type-post","status-publish","format-standard","hentry","category-actualite","category-maroc"],"_links":{"self":[{"href":"https:\/\/linitiative.ca\/International\/wp-json\/wp\/v2\/posts\/138957","targetHints":{"allow":["GET"]}}],"collection":[{"href":"https:\/\/linitiative.ca\/International\/wp-json\/wp\/v2\/posts"}],"about":[{"href":"https:\/\/linitiative.ca\/International\/wp-json\/wp\/v2\/types\/post"}],"author":[{"embeddable":true,"href":"https:\/\/linitiative.ca\/International\/wp-json\/wp\/v2\/users\/1759"}],"replies":[{"embeddable":true,"href":"https:\/\/linitiative.ca\/International\/wp-json\/wp\/v2\/comments?post=138957"}],"version-history":[{"count":0,"href":"https:\/\/linitiative.ca\/International\/wp-json\/wp\/v2\/posts\/138957\/revisions"}],"wp:attachment":[{"href":"https:\/\/linitiative.ca\/International\/wp-json\/wp\/v2\/media?parent=138957"}],"wp:term":[{"taxonomy":"category","embeddable":true,"href":"https:\/\/linitiative.ca\/International\/wp-json\/wp\/v2\/categories?post=138957"},{"taxonomy":"post_tag","embeddable":true,"href":"https:\/\/linitiative.ca\/International\/wp-json\/wp\/v2\/tags?post=138957"}],"curies":[{"name":"wp","href":"https:\/\/api.w.org\/{rel}","templated":true}]}}