{"id":138962,"date":"2022-01-20T09:59:39","date_gmt":"2022-01-20T14:59:39","guid":{"rendered":"https:\/\/linitiative.ca\/International\/transformation-de-la-ccg-en-s-a-le-conseil-de-gouvernement-adopte-un-projet-de-decret\/"},"modified":"2022-01-20T09:59:39","modified_gmt":"2022-01-20T14:59:39","slug":"transformation-de-la-ccg-en-s-a-le-conseil-de-gouvernement-adopte-un-projet-de-decret","status":"publish","type":"post","link":"https:\/\/linitiative.ca\/International\/transformation-de-la-ccg-en-s-a-le-conseil-de-gouvernement-adopte-un-projet-de-decret\/","title":{"rendered":"Transformation de la CCG en S.A: Le Conseil de gouvernement adopte un projet de d\u00e9cret"},"content":{"rendered":"<div>\n<p><img loading=\"lazy\" decoding=\"async\" width=\"300\" height=\"153\" src=\"https:\/\/linitiative.ca\/International\/wp-content\/uploads\/sites\/23\/2022\/01\/ccg-Caisse-Centrale-de-Garantie-300x153-1.jpg\" class=\"attachment-medium size-medium wp-post-image\" alt=\"\" srcset=\"https:\/\/linitiative.ca\/International\/wp-content\/uploads\/sites\/23\/2022\/01\/ccg-Caisse-Centrale-de-Garantie-300x153-1.jpg 300w, https:\/\/aujourdhui.ma\/wp-content\/uploads\/2016\/05\/ccg-Caisse-Centrale-de-Garantie.jpg 746w\" sizes=\"auto, (max-width: 300px) 100vw, 300px\"><\/p>\n<p><span style=\"color: #800000; font-size: 16px;\"><strong>Le conseil de gouvernement, r\u00e9uni jeudi \u00e0 Rabat sous la pr\u00e9sidence du chef du gouvernement, Aziz Akhannouch, a adopt\u00e9 le projet de d\u00e9cret n\u00b0 2.21.823 compl\u00e9tant le d\u00e9cret n\u00b0 2.21.577 du 26 Dou al-hijja 1442 (6 ao\u00fbt 2021) relatif \u00e0 la qualification de l\u2019autorit\u00e9 gouvernementale en charge des finances en vue de prendre certaines mesures li\u00e9es \u00e0 l\u2019application de la loi 36.20 portant transformation de la Caisse Centrale de Garantie (CCG) en soci\u00e9t\u00e9 anonyme (S.A).<\/strong><\/span><span id=\"more-397913\"><\/span><\/p>\n<p>Pr\u00e9sent\u00e9 par la ministre de l\u2019\u00c9conomie et des Finances, Nadia Fettah Alaoui, ce projet vise \u00e0 attribuer \u00e0 l\u2019autorit\u00e9 gouvernementale en charge des finances le droit de d\u00e9finir et mettre en \u0153uvre les dispositions r\u00e9glementaires pr\u00e9vues dans l\u2019article 7 de la loi n\u00b0 36.20, portant d\u00e9finition des conditions et modalit\u00e9s par lesquelles les engagements de la soci\u00e9t\u00e9 li\u00e9s \u00e0 l\u2019exercice de ses activit\u00e9s peuvent b\u00e9n\u00e9ficier de la garantie de l\u2019\u00c9tat, a indiqu\u00e9 le ministre d\u00e9l\u00e9gu\u00e9 charg\u00e9 des Relations avec le parlement, Porte-parole du gouvernement, Mustapha Baitas, lors d\u2019un point de presse \u00e0 l\u2019issue du Conseil.<\/p>\n<p>Et de rappeler que la loi n\u00b0 36.20 portant transformation de la CCG en soci\u00e9t\u00e9 anonyme vise, principalement, \u00e0 d\u00e9velopper le cadre juridique organisant la Caisse et \u00e0 lui permettre d\u2019accompagner les strat\u00e9gies et politiques publiques en mati\u00e8re de facilitation de l\u2019acc\u00e8s au financement, notamment pour les tr\u00e8s petites, petites et moyennes entreprises (TPME), les \u00e9tablissements et entreprises publics (EEP) ainsi que les autres cat\u00e9gories cibl\u00e9es par l\u2019\u00c9tat.<\/p>\n<\/div>\n<p>Auteur: ALM<br \/>\n<a href=\"https:\/\/aujourdhui.ma\/actualite\/transformation-de-la-ccg-en-s-a-le-conseil-de-gouvernement-adopte-un-projet-de-decret\">Cliquez ici pour lire l&rsquo;article depuis sa source.<\/a><\/p>\n","protected":false},"excerpt":{"rendered":"<p>Le conseil de gouvernement, r\u00e9uni jeudi \u00e0 Rabat sous la pr\u00e9sidence du chef du gouvernement, Aziz Akhannouch, a adopt\u00e9 le projet de d\u00e9cret n\u00b0 2.21.823 compl\u00e9tant le d\u00e9cret n\u00b0 2.21.577 du 26 Dou al-hijja 1442 (6 ao\u00fbt 2021) relatif \u00e0 la qualification de l\u2019autorit\u00e9 gouvernementale en charge des finances en vue de prendre certaines mesures [&hellip;]<\/p>\n","protected":false},"author":1759,"featured_media":0,"comment_status":"closed","ping_status":"closed","sticky":false,"template":"","format":"standard","meta":{"fifu_image_url":"https:\/\/aujourdhui.ma\/wp-content\/uploads\/2016\/05\/ccg-Caisse-Centrale-de-Garantie-300x153.jpg","fifu_image_alt":"Transformation de la CCG en S.A: Le Conseil de gouvernement adopte un projet de d\u00e9cret","footnotes":""},"categories":[73,54],"tags":[],"class_list":["post-138962","post","type-post","status-publish","format-standard","hentry","category-actualite","category-maroc"],"_links":{"self":[{"href":"https:\/\/linitiative.ca\/International\/wp-json\/wp\/v2\/posts\/138962","targetHints":{"allow":["GET"]}}],"collection":[{"href":"https:\/\/linitiative.ca\/International\/wp-json\/wp\/v2\/posts"}],"about":[{"href":"https:\/\/linitiative.ca\/International\/wp-json\/wp\/v2\/types\/post"}],"author":[{"embeddable":true,"href":"https:\/\/linitiative.ca\/International\/wp-json\/wp\/v2\/users\/1759"}],"replies":[{"embeddable":true,"href":"https:\/\/linitiative.ca\/International\/wp-json\/wp\/v2\/comments?post=138962"}],"version-history":[{"count":0,"href":"https:\/\/linitiative.ca\/International\/wp-json\/wp\/v2\/posts\/138962\/revisions"}],"wp:attachment":[{"href":"https:\/\/linitiative.ca\/International\/wp-json\/wp\/v2\/media?parent=138962"}],"wp:term":[{"taxonomy":"category","embeddable":true,"href":"https:\/\/linitiative.ca\/International\/wp-json\/wp\/v2\/categories?post=138962"},{"taxonomy":"post_tag","embeddable":true,"href":"https:\/\/linitiative.ca\/International\/wp-json\/wp\/v2\/tags?post=138962"}],"curies":[{"name":"wp","href":"https:\/\/api.w.org\/{rel}","templated":true}]}}