{"id":138973,"date":"2022-01-19T13:00:00","date_gmt":"2022-01-19T18:00:00","guid":{"rendered":"https:\/\/linitiative.ca\/International\/ait-taleb-dement-les-allegations-vehiculees-par-certains-professionnels\/"},"modified":"2022-01-19T13:00:00","modified_gmt":"2022-01-19T18:00:00","slug":"ait-taleb-dement-les-allegations-vehiculees-par-certains-professionnels","status":"publish","type":"post","link":"https:\/\/linitiative.ca\/International\/ait-taleb-dement-les-allegations-vehiculees-par-certains-professionnels\/","title":{"rendered":"A\u00eft Taleb d\u00e9ment les all\u00e9gations v\u00e9hicul\u00e9es par certains professionnels"},"content":{"rendered":"<div>\n<p class=\"has-text-align-center has-vivid-cyan-blue-color has-text-color\"><strong>P\u00e9nurie de m\u00e9dicaments<\/strong><\/p>\n<p class=\"has-black-color has-text-color\"><strong>Le ministre de la Sant\u00e9, de la Protection sociale et de la Couverture sociale, Khalid A\u00eft Taleb, a rejet\u00e9 mardi les all\u00e9gations v\u00e9hicul\u00e9s par certains professionnels du secteur pharmaceutique au Maroc concernant la rupture du stock national de m\u00e9dicaments, notamment les m\u00e9dicaments contre le rhume, qui font partie du protocole de traitement de la Covid-19, en particulier la chloroquine, l\u2019\u00e9rythromycine, le zinc, la vitamine C et la vitamine D, le parac\u00e9tamol et l\u2019h\u00e9parine.<\/strong><\/p>\n<p class=\"has-black-color has-text-color\">Le stock national de m\u00e9dicaments contre le rhume et dans le cadre du protocole de traitement du Covid-19 est suffisant pour couvrir et r\u00e9pondre aux besoins des citoyens pendant plus de trois mois, que ce soit dans les h\u00f4pitaux ou chez les distributeurs et fabricants, a indiqu\u00e9 le ministre lors de la r\u00e9union de la Commission des secteurs sociaux \u00e0 la Chambre des repr\u00e9sentants, consacr\u00e9e \u00e0 l\u2019\u00e9tude du projet de loi n\u00b0 98.18 relatif \u00e0 l\u2019Ordre national des pharmaciens.<\/p>\n<p class=\"has-black-color has-text-color\">M. Ait Taleb a soulign\u00e9 que les professionnels qui ont avanc\u00e9, ces derniers temps, des all\u00e9gations sur une rupture du stock national de m\u00e9dicaments contre le rhume et les m\u00e9dicaments entrant dans le cadre du protocole de traitement du Covid-19, sont confront\u00e9s \u00e0 des probl\u00e8mes d\u2019ordre financier et juridique avec les distributeurs qui les emp\u00eachent de s\u2019approvisionner en quantit\u00e9s suffisantes pour les commercialiser dans leurs pharmacies.<\/p>\n<p class=\"has-black-color has-text-color\">Le stock national de m\u00e9dicaments au Maroc fait l\u2019objet d\u2019un contr\u00f4le strict et permanent, a assur\u00e9 le ministre, pr\u00e9cisant que le degr\u00e9 de respect du stock de r\u00e9serve de tous les m\u00e9dicaments essentiels est contr\u00f4l\u00e9 sur une base hebdomadaire par l\u2019Observatoire national du m\u00e9dicament et des produits de sant\u00e9, de la Direction du m\u00e9dicament et de la pharmacie.<\/p>\n<p class=\"has-black-color has-text-color\">Et de rappeler que depuis la semaine derni\u00e8re, des \u00e9quipes d\u2019inspection sont mobilis\u00e9es pour v\u00e9rifier la disponibilit\u00e9 des m\u00e9dicaments chez les fournisseurs des pharmacies dans diverses r\u00e9gions du Maroc, faisant savoir que selon les rapports hebdomadaires de suivi de terrain, il ressort que les fabricants et les distributeurs ont confirm\u00e9 l\u2019absence d\u2019interruption ou de perturbation de production dans le stock national de m\u00e9dicaments contre le rhume et les m\u00e9dicaments entrant dans le cadre du protocole de traitement du Covid-19, ce qui a \u00e9t\u00e9 prouv\u00e9 sur le terrain depuis une semaine.<\/p>\n<p class=\"has-black-color has-text-color\">Ait Taleb a appel\u00e9 les pharmaciens \u00e0 signaler toute p\u00e9nurie li\u00e9e \u00e0 certains m\u00e9dicaments essentiels et \u00e0 contacter soit leurs distributeurs ou l\u2019Observatoire national du m\u00e9dicament et des produits de sant\u00e9 pour demander des informations depuis la source.<\/p>\n<p>L\u2019article <a rel=\"nofollow\" href=\"http:\/\/albayane.press.ma\/ait-taleb-dement-les-allegations-vehiculees-par-certains-professionnels.html\">A\u00eft Taleb d\u00e9ment les all\u00e9gations v\u00e9hicul\u00e9es par certains professionnels<\/a> est apparu en premier sur <a rel=\"nofollow\" href=\"http:\/\/albayane.press.ma\/\">ALBAYANE<\/a>.<\/p>\n<\/div>\n<p>Auteur: M&rsquo;hammed rahal<br \/>\n<a href=\"http:\/\/albayane.press.ma\/ait-taleb-dement-les-allegations-vehiculees-par-certains-professionnels.html\">Cliquez ici pour lire l&rsquo;article depuis sa source.<\/a><\/p>\n","protected":false},"excerpt":{"rendered":"<p>P\u00e9nurie de m\u00e9dicaments Le ministre de la Sant\u00e9, de la Protection sociale et de la Couverture sociale, Khalid A\u00eft Taleb, a rejet\u00e9 mardi les all\u00e9gations v\u00e9hicul\u00e9s par certains professionnels du secteur pharmaceutique au Maroc concernant la rupture du stock national de m\u00e9dicaments, notamment les m\u00e9dicaments contre le rhume, qui font partie du protocole de traitement [&hellip;]<\/p>\n","protected":false},"author":1760,"featured_media":0,"comment_status":"closed","ping_status":"closed","sticky":false,"template":"","format":"standard","meta":{"fifu_image_url":"","fifu_image_alt":"","footnotes":""},"categories":[73,54],"tags":[],"class_list":["post-138973","post","type-post","status-publish","format-standard","hentry","category-actualite","category-maroc"],"_links":{"self":[{"href":"https:\/\/linitiative.ca\/International\/wp-json\/wp\/v2\/posts\/138973","targetHints":{"allow":["GET"]}}],"collection":[{"href":"https:\/\/linitiative.ca\/International\/wp-json\/wp\/v2\/posts"}],"about":[{"href":"https:\/\/linitiative.ca\/International\/wp-json\/wp\/v2\/types\/post"}],"author":[{"embeddable":true,"href":"https:\/\/linitiative.ca\/International\/wp-json\/wp\/v2\/users\/1760"}],"replies":[{"embeddable":true,"href":"https:\/\/linitiative.ca\/International\/wp-json\/wp\/v2\/comments?post=138973"}],"version-history":[{"count":0,"href":"https:\/\/linitiative.ca\/International\/wp-json\/wp\/v2\/posts\/138973\/revisions"}],"wp:attachment":[{"href":"https:\/\/linitiative.ca\/International\/wp-json\/wp\/v2\/media?parent=138973"}],"wp:term":[{"taxonomy":"category","embeddable":true,"href":"https:\/\/linitiative.ca\/International\/wp-json\/wp\/v2\/categories?post=138973"},{"taxonomy":"post_tag","embeddable":true,"href":"https:\/\/linitiative.ca\/International\/wp-json\/wp\/v2\/tags?post=138973"}],"curies":[{"name":"wp","href":"https:\/\/api.w.org\/{rel}","templated":true}]}}