{"id":138974,"date":"2022-01-19T13:00:00","date_gmt":"2022-01-19T18:00:00","guid":{"rendered":"https:\/\/linitiative.ca\/International\/le-pps-appelle-a-la-reouverture-des-frontieres\/"},"modified":"2022-01-19T13:00:00","modified_gmt":"2022-01-19T18:00:00","slug":"le-pps-appelle-a-la-reouverture-des-frontieres","status":"publish","type":"post","link":"https:\/\/linitiative.ca\/International\/le-pps-appelle-a-la-reouverture-des-frontieres\/","title":{"rendered":"Le PPS appelle \u00e0 la r\u00e9ouverture des fronti\u00e8res"},"content":{"rendered":"<div>\n<p class=\"has-text-align-center has-vivid-cyan-blue-color has-text-color\"><strong>Communiqu\u00e9 hebdomadaire du bureau politique<\/strong><\/p>\n<p class=\"has-black-color has-text-color\"><strong>Le bureau politique du Parti du Progr\u00e8s et du Socialisme a tenu, mardi 18 janvier 2022, sa r\u00e9union p\u00e9riodique et examin\u00e9 diff\u00e9rentes questions nationales et d\u2019autres relatives \u00e0 la vie interne du parti.<\/strong><\/p>\n<p class=\"has-black-color has-text-color\"><strong>Apr\u00e8s avoir pass\u00e9 en revue les d\u00e9veloppements de la situation sanitaire en rapport avec l\u2019\u00e9volution de la pand\u00e9mie aux niveaux national et international et compte tenu de ce que la majorit\u00e9 des pays \u00e0 travers le monde ont d\u00e9cid\u00e9, \u00e0 la suite de la propagation du variant Omicron, le bureau politique appelle le gouvernement \u00e0 r\u00e9fl\u00e9chir s\u00e9rieusement \u00e0 prendre la d\u00e9cision de la r\u00e9ouverture des fronti\u00e8res pour les diff\u00e9rents types de transport et le plus t\u00f4t possible.<\/strong><\/p>\n<p class=\"has-black-color has-text-color\"><strong>Cette d\u00e9cision tant attendue par diff\u00e9rents milieux aura un impact positif certain sur l\u2019\u00e9conomie nationale en g\u00e9n\u00e9ral ainsi que sur certains secteurs de production affect\u00e9s directement et profond\u00e9ment par la fermeture des fronti\u00e8res en particulier. Elle permettra \u00e9galement de nouveau aux Marocains du monde, qui contribuent grandement \u00e0 l\u2019\u00e9conomie nationale, d\u2019entrer normalement au territoire national et d\u2019en sortir. Elle permettra aussi de r\u00e9soudre le probl\u00e8me des milliers de Marocains bloqu\u00e9s dans diff\u00e9rents pays. Cette d\u00e9cision devra \u00e9videmment \u00eatre assortie du respect requis de toutes les conditions pr\u00e9ventives en vigueur au niveau sanitaire lors de l\u2019entr\u00e9e au Maroc.<\/strong><\/p>\n<p class=\"has-black-color has-text-color\"><strong>Dans ce cadre, le bureau politique a enregistr\u00e9 positivement les mesures gouvernementales prises r\u00e9cemment pour soutenir le secteur touristique affect\u00e9 \u00e0 ce jour par la pand\u00e9mie et la fermeture des fronti\u00e8res. Il a \u00e9galement exprim\u00e9 l\u2019espoir que ces mesures positives profitent aussi\u00a0 \u00e0 d\u2019autres cat\u00e9gories et secteurs \u00e9conomique, social et culturel qui continuent de subir les r\u00e9percussions de la pand\u00e9mie de la Covid-19.<\/strong><\/p>\n<p class=\"has-black-color has-text-color\"><strong>Appel au gouvernement \u00e0 prendre des mesures pour soutenir les petits agriculteurs et assurer la s\u00e9curit\u00e9 hydrique du pays<\/strong><\/p>\n<p class=\"has-black-color has-text-color\"><strong>Par ailleurs, le bureau politique attire de nouveau l\u2019attention sur la situation hydrique inqui\u00e9tante dans notre pays et exprime sa d\u00e9sapprobation \u00e0 l\u2019\u00e9gard\u00a0 de l\u2019absence de toute r\u00e9action, jusqu\u2019\u00e0 pr\u00e9sent, de la part du gouvernement visant \u00e0 prendre les mesures concr\u00e8tes qui s\u2019imposent pour soutenir les petits agriculteurs, affect\u00e9s par les r\u00e9percussions de la pand\u00e9mie et les effets de la s\u00e9cheresse, avec son impact sur l\u2019augmentation des prix des semences, des aliments de b\u00e9tail et\u00a0 des engrais.<\/strong><\/p>\n<p class=\"has-black-color has-text-color\"><strong>Dans le m\u00eame temps, le bureau politique exprime son inqui\u00e9tude \u00e0 l\u2019\u00e9gard du retard pris par le gouvernement dans l\u2019\u00e9laboration d\u2019un plan d\u2019action proactif en pr\u00e9vision de la crise de l\u2019eau qui se profile \u00e0 l\u2019horizon, s\u2019agissant aussi bien de l\u2019irrigation que de l\u2019alimentation en eau potable d\u2019un grand nombre de r\u00e9gions de notre pays.<\/strong><\/p>\n<p class=\"has-black-color has-text-color\"><strong>Un gouvernement avec un bilan d\u2019\u00e9tape d\u00e9cevant qui doit respecter les \u00e9ch\u00e9ances constitutionnelles\u00a0<\/strong><\/p>\n<p class=\"has-black-color has-text-color\"><strong>Sur un autre plan en rapport avec les discussions en cours dans diff\u00e9rents milieux m\u00e9diatiques au sujet des premiers pas de l\u2019action gouvernementale, le bureau politique, partant de son positionnement dans l\u2019opposition d\u00e9mocratique, progressiste et constructive, enregistre de rares aspects positifs dans l\u2019action du gouvernement. Il en est ainsi, r\u00e9cemment, pour le\u00a0 tourisme, le dialogue social dans le secteur de l\u2019enseignement ou par rapport aux d\u00e9crets adopt\u00e9s en ce qui concerne l\u2019\u00e9largissement du b\u00e9n\u00e9fice de la protection sociale.<\/strong><\/p>\n<p class=\"has-black-color has-text-color\"><strong>A l\u2019oppos\u00e9, le bureau politique souligne de nouveau la faible pr\u00e9sence politique du gouvernement et sa d\u00e9faillance au niveau communicationnel. Cette tendance prend une ampleur dangereuse du fait du peu de consid\u00e9ration que le gouvernement et son chef affichent \u00e0 l\u2019\u00e9gard du respect n\u00e9cessaire des rendez-vous constitutionnels mensuels au sein du Parlement.<\/strong><\/p>\n<p class=\"has-black-color has-text-color\"><strong>Le bureau politique enregistre de m\u00eame l\u2019approfondissement du foss\u00e9, jour apr\u00e8s jour, entre les engagements et les slogans annonc\u00e9s par le gouvernement et sa d\u00e9faillance av\u00e9r\u00e9e \u00e0 \u00e9laborer les r\u00e9ponses, les alternatives et les d\u00e9cisions requises pour assurer la relance de l\u2019\u00e9conomie nationale et le soutien de l\u2019entreprise nationale et mettre fin \u00e0 la d\u00e9t\u00e9rioration de la situation sociale difficile et s\u00e9rieusement inqui\u00e9tante.<\/strong><\/p>\n<p class=\"has-black-color has-text-color\"><strong>Le bureau politique consid\u00e8re que la prestation gouvernementale est en de\u00e7\u00e0 des ambitions et des orientations du nouveau mod\u00e8le de d\u00e9veloppement que le gouvernement a adopt\u00e9 dans sa d\u00e9claration et sa Loi de Finances comme r\u00e9f\u00e9rentiel d\u00e9clar\u00e9.<\/strong><\/p>\n<p class=\"has-black-color has-text-color\"><strong>Dans ce cadre, le bureau politique souligne de nouveau que les d\u00e9fis auxquels notre pays est confront\u00e9 requi\u00e8rent la prise de mesures fortes et v\u00e9ritables pour la relance du tissu de production, le soutien de l\u2019investissement, la cr\u00e9ation d\u2019opportunit\u00e9s d\u2019emplois v\u00e9ritables et durables et la lutte contre la pauvret\u00e9 et les disparit\u00e9s sociales et spatiales.<\/strong><\/p>\n<p class=\"has-black-color has-text-color\"><strong>Ces d\u00e9fis sont tellement profonds et grands qu\u2019il ne suffit pas de simples d\u00e9marches isol\u00e9es ou initiatives sectorielles conjoncturelles, timides et vou\u00e9es \u00e0 l\u2019\u00e9chec, comme c\u2019est le cas du plan \u00ab\u00a0Awrach\u00bb en mati\u00e8re d\u2019emplois.<\/strong><\/p>\n<p class=\"has-black-color has-text-color\"><strong>Ce plan n\u2019est pas en mesure de r\u00e9pondre aux nobles objectifs des grands chantiers communautaires auxquels le Parti du Progr\u00e8s et du Socialisme n\u2019a cess\u00e9 d\u2019appeler. Ce plan d\u2019Awrach repose sur une approche superficielle, consacre la vuln\u00e9rabilit\u00e9 et n\u2019est pas accompagn\u00e9 par les moyens n\u00e9cessaires \u00e0 la cr\u00e9ation d\u2019emplois durables et la relance de l\u2019\u00e9conomie.<\/strong><\/p>\n<p class=\"has-black-color has-text-color\"><strong>Parall\u00e8lement, le Parti du Progr\u00e8s et du Socialisme appelle de nouveau le gouvernement \u00e0 prendre les mesures et les d\u00e9cisions n\u00e9cessaires pour insuffler un souffle d\u00e9mocratique nouveau dans l\u2019espace national et pour r\u00e9tablir la cr\u00e9dibilit\u00e9 et la confiance. Ceci requiert d\u2019\u0153uvrer pour la mise en \u0153uvre r\u00e9solue de la Constitution, la r\u00e9habilitation de l\u2019action partisane, le renforcement de l\u2019espace politique et institutionnel, le respect des institutions et des attributions des \u00e9lus, l\u2019\u00e9largissement de l\u2019espace des libert\u00e9s individuelles et collectives, la promotion de l\u2019\u00e9galit\u00e9 entre les femmes et les hommes dans le cadre d\u2019une r\u00e9forme globale et audacieuse du code p\u00e9nal et du code de proc\u00e9dure p\u00e9nale, le soutien \u00e0 la presse, l\u2019ouverture des m\u00e9dias publics \u00e0 tous les acteurs sociaux et la promotion de la culture et de la situation des artistes.<\/strong><\/p>\n<p class=\"has-black-color has-text-color\"><strong>Hommage \u00e0 l\u2019action du groupe parlementaire du parti<\/strong><\/p>\n<p class=\"has-black-color has-text-color\"><strong>Dans ce cadre, le bureau politique s\u2019est f\u00e9licit\u00e9 du rendement du groupe parlementaire du progr\u00e8s et du socialisme, soutenu en cela par son staff administratif actif et efficace. Il a \u00e9galement rendu hommage aux grands efforts du groupe dans le cadre de ses responsabilit\u00e9s institutionnelles et politiques de contr\u00f4le et de proposition, comme en t\u00e9moigne son bilan d\u2019\u00e9tape positif, pr\u00e9sent\u00e9 au cours de la r\u00e9union politique importante et r\u00e9ussie, organis\u00e9e lundi dernier en pr\u00e9sence du Secr\u00e9taire G\u00e9n\u00e9ral du parti et de plusieurs membres du bureau politique.<\/strong><\/p>\n<p class=\"has-black-color has-text-color\"><strong>Salutations \u00e0 la Jeunesse Socialiste \u00e0 l\u2019occasion de son 46 \u00e8me anniversaire<\/strong><\/p>\n<p class=\"has-black-color has-text-color\"><strong>Au niveau de la vie interne du parti, le bureau politique adresse ses salutations \u00e0 l\u2019organisation de la Jeunesse Socialiste, \u00e0 l\u2019occasion de son 46 \u00e8me anniversaire. Il s\u2019est arr\u00eat\u00e9 \u00e0 cette occasion avec fiert\u00e9 sur les grandes luttes men\u00e9es par cette organisation prometteuse parall\u00e8le du parti dans les milieux de la jeunesse marocaine au cours de son histoire. Il a r\u00e9affirm\u00e9 aussi sa volont\u00e9 de renouveler le contrat avec la jeunesse du parti pour poursuivre la lutte dans l\u2019int\u00e9r\u00eat sup\u00e9rieur des causes essentielles de notre pays et de notre peuple.<\/strong><\/p>\n<p class=\"has-black-color has-text-color\"><strong>Le d\u00e9bat interne dans le cadre des pr\u00e9paratifs du onzi\u00e8me congr\u00e8s national du parti<\/strong><\/p>\n<p class=\"has-black-color has-text-color\"><strong>Dans le cadre des pr\u00e9paratifs du onzi\u00e8me congr\u00e8s national du parti, le bureau politique a examin\u00e9 les moyens d\u2019organisation du d\u00e9bat interne au sujet du document\u00a0: \u00ab\u00a0dans la perspective des pr\u00e9paratifs du onzi\u00e8me congr\u00e8s national\u00a0: pistes de r\u00e9flexion et de d\u00e9bat\u00a0\u00bb et a convenu d\u2019organiser \u00e0 ce propos de nombreuses rencontres \u00e0 dimension nationale et provinciale. Le lancement de ces rendez-vous sera donn\u00e9 \u00e0 travers l\u2019organisation d\u2019une rencontre nationale, \u00e0 distance, lundi prochain 24 janvier 2022 sous la pr\u00e9sidence du Secr\u00e9taire G\u00e9n\u00e9ral et d\u2019une s\u00e9rie d\u2019autres rencontres dont les dates seront annonc\u00e9es prochainement.<\/strong><\/p>\n<p>L\u2019article <a rel=\"nofollow\" href=\"http:\/\/albayane.press.ma\/le-pps-appelle-a-la-reouverture-des-frontieres.html\">Le PPS appelle \u00e0 la r\u00e9ouverture des fronti\u00e8res<\/a> est apparu en premier sur <a rel=\"nofollow\" href=\"http:\/\/albayane.press.ma\/\">ALBAYANE<\/a>.<\/p>\n<\/div>\n<p>Auteur: M&rsquo;hammed rahal<br \/>\n<a href=\"http:\/\/albayane.press.ma\/le-pps-appelle-a-la-reouverture-des-frontieres.html\">Cliquez ici pour lire l&rsquo;article depuis sa source.<\/a><\/p>\n","protected":false},"excerpt":{"rendered":"<p>Communiqu\u00e9 hebdomadaire du bureau politique Le bureau politique du Parti du Progr\u00e8s et du Socialisme a tenu, mardi 18 janvier 2022, sa r\u00e9union p\u00e9riodique et examin\u00e9 diff\u00e9rentes questions nationales et d\u2019autres relatives \u00e0 la vie interne du parti. Apr\u00e8s avoir pass\u00e9 en revue les d\u00e9veloppements de la situation sanitaire en rapport avec l\u2019\u00e9volution de la [&hellip;]<\/p>\n","protected":false},"author":1760,"featured_media":0,"comment_status":"closed","ping_status":"closed","sticky":false,"template":"","format":"standard","meta":{"fifu_image_url":"","fifu_image_alt":"","footnotes":""},"categories":[73,54],"tags":[],"class_list":["post-138974","post","type-post","status-publish","format-standard","hentry","category-actualite","category-maroc"],"_links":{"self":[{"href":"https:\/\/linitiative.ca\/International\/wp-json\/wp\/v2\/posts\/138974","targetHints":{"allow":["GET"]}}],"collection":[{"href":"https:\/\/linitiative.ca\/International\/wp-json\/wp\/v2\/posts"}],"about":[{"href":"https:\/\/linitiative.ca\/International\/wp-json\/wp\/v2\/types\/post"}],"author":[{"embeddable":true,"href":"https:\/\/linitiative.ca\/International\/wp-json\/wp\/v2\/users\/1760"}],"replies":[{"embeddable":true,"href":"https:\/\/linitiative.ca\/International\/wp-json\/wp\/v2\/comments?post=138974"}],"version-history":[{"count":0,"href":"https:\/\/linitiative.ca\/International\/wp-json\/wp\/v2\/posts\/138974\/revisions"}],"wp:attachment":[{"href":"https:\/\/linitiative.ca\/International\/wp-json\/wp\/v2\/media?parent=138974"}],"wp:term":[{"taxonomy":"category","embeddable":true,"href":"https:\/\/linitiative.ca\/International\/wp-json\/wp\/v2\/categories?post=138974"},{"taxonomy":"post_tag","embeddable":true,"href":"https:\/\/linitiative.ca\/International\/wp-json\/wp\/v2\/tags?post=138974"}],"curies":[{"name":"wp","href":"https:\/\/api.w.org\/{rel}","templated":true}]}}