{"id":138975,"date":"2022-01-19T13:00:00","date_gmt":"2022-01-19T18:00:00","guid":{"rendered":"https:\/\/linitiative.ca\/International\/et-apres\/"},"modified":"2022-01-19T13:00:00","modified_gmt":"2022-01-19T18:00:00","slug":"et-apres","status":"publish","type":"post","link":"https:\/\/linitiative.ca\/International\/et-apres\/","title":{"rendered":"Et apr\u00e8s ?"},"content":{"rendered":"<div>\n<p class=\"has-black-color has-text-color\"><strong>Le Chef du gouvernement aurait pu contribuer \u00e0 la r\u00e9alisation d\u2019un aspect du programme gouvernemental en usant des pr\u00e9rogatives que lui conf\u00e8re la constitution pour \u00ab\u00a0entretenir des rapports de coop\u00e9ration constructive et de communication permanente avec le Parlement, dans le cadre du respect total de la s\u00e9paration des pouvoirs et de leur coop\u00e9ration \u00e9troite et fructueuse\u00a0\u00bb.<\/strong><\/p>\n<p class=\"has-black-color has-text-color\">Le chef du gouvernement a fait son choix\u00a0: Il n\u2019usera pas de l\u2019application de l\u2019article 101 de la constitution pour faire son bilan d\u2019\u00e9tape devant le parlement.<\/p>\n<p class=\"has-black-color has-text-color\">Il a expos\u00e9 hier, mercredi au soir, sur les deux cha\u00eenes de t\u00e9l\u00e9vision financ\u00e9es par l\u2019argent du contribuable, le bilan des\u00a0100 premiers jours de son gouvernement.Les mauvaises langues diront qu\u2019un show t\u00e9l\u00e9vis\u00e9 permet de soigner \u00ab\u00a0une image professionnelle\u00a0\u00bb \u00e9rafl\u00e9e par des silences relev\u00e9s par l\u2019ensemble m\u00e9diatique\u00a0; alors qu\u2019un discours devant les parlementaires serait plus ardu \u00e0 tenir avec le risque de perdre sa vocalisation et plus.<\/p>\n<p class=\"has-black-color has-text-color\">Dans l\u2019interview, tout est dans l\u2019apparence, la posture et la gestuelle avec cette possibilit\u00e9 de retrouver sa respiration pour ne pas perdre le fil de ses id\u00e9es\u00a0; alors que derri\u00e8re le pupitre, \u00e0 lire un \u00e9crit dont la syntaxe n\u2019est pas mienne et \u00e0 laquelle on n\u2019est pas habitu\u00e9, on peut provoquer la somnolence, voire \u00eatre soi-m\u00eame sujet \u00e0 l\u2019assoupissement (cela est arriv\u00e9\u00a0!)et perdre de la confiance, celle de soi et celle tant convoit\u00e9e, objet de la communication.<\/p>\n<p class=\"has-black-color has-text-color\">En fin de compte, c\u2019est la facilit\u00e9 et la recherche du confort qui ont pr\u00e9values sur la consolidation de l\u2019institution parlementaire.<\/p>\n<p class=\"has-black-color has-text-color\">Mais au fait, pourquoi les cent jours\u00a0? Pourquoi pas \u00ab\u00a0deux mois qui se suivent\u00a0\u00bb\u00a0?Les \u00ab\u00a0cent jours\u00a0\u00bb est une pratique qui vient d\u2019une histoire qui n\u2019est pas la n\u00f4tre. C\u2019est pareil pour les b\u00fbches de No\u00ebl et du Nouvel an, la galette des rois et autres amuse-gueules qui font croire \u00e0 leurs acqu\u00e9reurs qu\u2019ils ont un pas dans la modernit\u00e9\u00a0! De m\u00eame que ce n\u2019est pas en communiquant sur trois mois et quelques jours d\u2019activit\u00e9 routini\u00e8re que l\u2019on r\u00e9pond aux attentes et aux besoins de la population pour le lendemain et les jours qui suivront.<\/p>\n<p class=\"has-black-color has-text-color\">Pourrait-on avancer que cette p\u00e9riode permet d\u2019augurer le changement en vue de r\u00e9aliser avec certitude une soci\u00e9t\u00e9 juste et prosp\u00e8re\u00a0?<\/p>\n<p class=\"has-black-color has-text-color\">On ne peut demander au plus comp\u00e9tent des gouvernements de donner plus qu\u2019il n\u2019en a. Car, les dipl\u00f4mes c\u2019est bon pour soi\u00a0; encore faut-il se faire embaucher et s\u2019assurer de la stabilit\u00e9 de son emploi. Vont-ils servir pour que le ch\u00f4mage des dipl\u00f4m\u00e9s dans notre beau pays ne reste plus dans l\u2019\u00e9tat o\u00f9 il est\u00a0?Vont-ils permettre de rehausser notre enseignement sup\u00e9rieur, notre recherche scientifique, notre syst\u00e8me \u00e9ducatif et en faire un v\u00e9ritable levier du d\u00e9veloppement\u00a0?<\/p>\n<p class=\"has-black-color has-text-color\">Et les autres questions, celles qui f\u00e2chent et celles qui s\u2019imposent\u00a0?<\/p>\n<p class=\"has-black-color has-text-color\">Quelles r\u00e9ponses apporter aux envol\u00e9es des prix des hydrocarbures\u00a0? Quelle concurrence honn\u00eate pourrait-elle s\u2019exercer dans ce domaine alors que le pass\u00e9 ant\u00e9rieur a connu des ententes ayant entrain\u00e9 des abus de la confiance du consommateur\u00a0? Quelle diligence sera-telle apport\u00e9e au projet de loi d\u00e9pos\u00e9e par le Groupe parlementaire du Parti du Progr\u00e8s et du Socialisme \u00e0 la Chambre des repr\u00e9sentants pour parvenir \u00e0 une r\u00e9gulation de ces prix\u00a0et \u00e0 la protection du pouvoir d\u2019achat des consommateurs\u00a0?<\/p>\n<p class=\"has-black-color has-text-color\">Quelle politique \u00e9nerg\u00e9tique pour le Maroc, particuli\u00e8rement apr\u00e8s les d\u00e9faillances de la strat\u00e9gie solaire d\u00e9crites par l\u2019avis du Conseil \u00e9conomique, social et environnemental sur la transition \u00e9nerg\u00e9tique au Maroc\u00a0?<\/p>\n<p class=\"has-black-color has-text-color\">En ces temps o\u00f9 la raret\u00e9 des pr\u00e9cipitations accentue le stress hydrique que conna\u00eet le royaume, et dans le cadre des changements climatiques qui s\u2019exercent, quelles pratiques agricoles pour le Maroc\u00a0?Celles de la s\u00e9curit\u00e9 alimentaire et de l\u2019autosuffisance pour une bonne et saine alimentation ou celles de la rivalit\u00e9 entre les cultures d\u2019exportation et les cultures vivri\u00e8res\u00a0; sans arriver pour autant \u00e0 circonscrire le d\u00e9ficit de la balance commerciale\u00a0?<\/p>\n<p class=\"has-black-color has-text-color\">Quelle industrialisation pour le Maroc\u00a0? Entre le d\u00e9p\u00e9rissement et la renaissance, entre le d\u00e9sengagement de l\u2019Etat et l\u2019encouragement de l\u2019investissement, particuli\u00e8rement celui venant de l\u2019\u00e9tranger, entre le renforcement et la protection du syst\u00e8me industriel et l\u2019ouverture imp\u00e9rative\u00a0; entre les avantages comparatifs du si\u00e8cle dernier et ceux impos\u00e9s par la mondialisation et son \u00e9volution\u00a0; entre la r\u00e9ticence d\u2019assumer le risque et le gouffre de l\u2019informel \u2026<\/p>\n<p class=\"has-black-color has-text-color\">Quelle fiscalit\u00e9, juste et \u00e9quitable, pour traduire la solidarit\u00e9, renforcer la coh\u00e9sion sociale et assurer le d\u00e9veloppement inclusif souhait\u00e9\u00a0?<\/p>\n<p>Quels apaisements apporte le gouvernement \u00e0 la soci\u00e9t\u00e9 marocaine dans sa recherche de l\u2019\u00e9mancipation et de la jouissance des droits de la personne humaine\u00a0; dans sa recherche \u00e0 effacer les disparit\u00e9s spatiales et \u00e0 \u00e9liminer les in\u00e9galit\u00e9s sociales\u00a0?<\/p>\n<p>Quelles actions sont men\u00e9es pour la protection de l\u2019environnement du royaume, au moment o\u00f9 le littoral convoit\u00e9est d\u00e9grad\u00e9, les estuaires qui se colmatent la pollution menace et que la d\u00e9forestation semble devenir un jeu o\u00f9 la mise se fait en pieds de c\u00e8dre\u00a0?<\/p>\n<p>Que fait le gouvernement pour que la loi soit respect\u00e9e, que la gouvernance soit la meilleure et que l\u2019effort soit m\u00e9ritoire\u00a0?<\/p>\n<p>S\u00fbrement que le Chef du gouvernement a apport\u00e9 sa contribution personnelle pour \u00e9clairer le peuple, r\u00e9tif \u00e0 accorder sa confiance quand la conviction fait d\u00e9faut. Nous sommes au lendemain de son intervention t\u00e9l\u00e9vis\u00e9e\u00a0et la lecture de ce qui pr\u00e9c\u00e8de (abr\u00e9g\u00e9 de ce fait) est d\u00e9pass\u00e9e\u00a0; car chacun se demande\u2026 Et apr\u00e8s\u00a0?<\/p>\n<p>L\u2019article <a rel=\"nofollow\" href=\"http:\/\/albayane.press.ma\/et-apres-2.html\">Et apr\u00e8s ?<\/a> est apparu en premier sur <a rel=\"nofollow\" href=\"http:\/\/albayane.press.ma\/\">ALBAYANE<\/a>.<\/p>\n<\/div>\n<p>Auteur: M&rsquo;hammed rahal<br \/>\n<a href=\"http:\/\/albayane.press.ma\/et-apres-2.html\">Cliquez ici pour lire l&rsquo;article depuis sa source.<\/a><\/p>\n","protected":false},"excerpt":{"rendered":"<p>Le Chef du gouvernement aurait pu contribuer \u00e0 la r\u00e9alisation d\u2019un aspect du programme gouvernemental en usant des pr\u00e9rogatives que lui conf\u00e8re la constitution pour \u00ab\u00a0entretenir des rapports de coop\u00e9ration constructive et de communication permanente avec le Parlement, dans le cadre du respect total de la s\u00e9paration des pouvoirs et de leur coop\u00e9ration \u00e9troite et [&hellip;]<\/p>\n","protected":false},"author":1760,"featured_media":0,"comment_status":"closed","ping_status":"closed","sticky":false,"template":"","format":"standard","meta":{"fifu_image_url":"","fifu_image_alt":"","footnotes":""},"categories":[73,54],"tags":[],"class_list":["post-138975","post","type-post","status-publish","format-standard","hentry","category-actualite","category-maroc"],"_links":{"self":[{"href":"https:\/\/linitiative.ca\/International\/wp-json\/wp\/v2\/posts\/138975","targetHints":{"allow":["GET"]}}],"collection":[{"href":"https:\/\/linitiative.ca\/International\/wp-json\/wp\/v2\/posts"}],"about":[{"href":"https:\/\/linitiative.ca\/International\/wp-json\/wp\/v2\/types\/post"}],"author":[{"embeddable":true,"href":"https:\/\/linitiative.ca\/International\/wp-json\/wp\/v2\/users\/1760"}],"replies":[{"embeddable":true,"href":"https:\/\/linitiative.ca\/International\/wp-json\/wp\/v2\/comments?post=138975"}],"version-history":[{"count":0,"href":"https:\/\/linitiative.ca\/International\/wp-json\/wp\/v2\/posts\/138975\/revisions"}],"wp:attachment":[{"href":"https:\/\/linitiative.ca\/International\/wp-json\/wp\/v2\/media?parent=138975"}],"wp:term":[{"taxonomy":"category","embeddable":true,"href":"https:\/\/linitiative.ca\/International\/wp-json\/wp\/v2\/categories?post=138975"},{"taxonomy":"post_tag","embeddable":true,"href":"https:\/\/linitiative.ca\/International\/wp-json\/wp\/v2\/tags?post=138975"}],"curies":[{"name":"wp","href":"https:\/\/api.w.org\/{rel}","templated":true}]}}