{"id":138980,"date":"2022-01-20T10:56:39","date_gmt":"2022-01-20T15:56:39","guid":{"rendered":"https:\/\/linitiative.ca\/International\/previsions-meteorologiques-pour-le-vendredi-21-janvier-2022\/"},"modified":"2022-01-20T10:56:39","modified_gmt":"2022-01-20T15:56:39","slug":"previsions-meteorologiques-pour-le-vendredi-21-janvier-2022","status":"publish","type":"post","link":"https:\/\/linitiative.ca\/International\/previsions-meteorologiques-pour-le-vendredi-21-janvier-2022\/","title":{"rendered":"Pr\u00e9visions m\u00e9t\u00e9orologiques pour le vendredi 21 janvier 2022"},"content":{"rendered":"<div>\n<div style=\"margin-bottom:20px;\"><img loading=\"lazy\" decoding=\"async\" width=\"750\" height=\"430\" src=\"https:\/\/linitiative.ca\/International\/wp-content\/uploads\/sites\/23\/2022\/01\/soleil_mC3A9tC3A9o-3.jpg\" class=\"attachment-post-thumbnail size-post-thumbnail wp-post-image\" alt=\"\" srcset=\"https:\/\/linitiative.ca\/International\/wp-content\/uploads\/sites\/23\/2022\/01\/soleil_mC3A9tC3A9o-3.jpg 750w, https:\/\/www.mapmarrakech.ma\/map\/uploads\/2021\/12\/soleil_m\u00e9t\u00e9o-3-300x172.jpg 300w\" sizes=\"auto, (max-width: 750px) 100vw, 750px\"><\/div>\n<p>\u2013 Temps assez froid avec gel\u00e9e locale sur l\u2019int\u00e9rieur du pays, notamment sur l\u2019atlas, le rif, le sud-est et l\u2019oriental.<\/p>\n<p>\u2013 Ond\u00e9es \u00e9parses sur le nord des provinces sud, le sud de l\u2019Atlas et ses plaines voisines.<\/p>\n<p>\u2013 Bruines locales sur la M\u00e9diterran\u00e9e.<\/p>\n<p>\u2013 Brume ou brouillard par endroits sur les plaines atlantiques nord, le nord de l\u2019oriental et les c\u00f4tes sud.<\/p>\n<p>\u2013 Chasse-poussi\u00e8res fr\u00e9quentes sur le sud du pays.<\/p>\n<p>\u2013 Rafales de vent assez fortes par endroits sur les provinces sud et le tang\u00e9rois.<\/p>\n<p>\u2013 Temp\u00e9ratures minimales de l\u2019ordre de -05\/02\u00b0c sur l\u2019Atlas, -02\/05\u00b0c sur le Rif, l\u2019oriental, Oulmes et les versants sud-est, 04\/11\u00b0c sur les r\u00e9gions nord, 08\/13\u00b0c sur le centre et le nord-est des provinces sud et de 13\/19\u00b0c sur le Souss et le reste du sud.<\/p>\n<p>\u2013 Temp\u00e9ratures maximales en baisse sur les c\u00f4tes sud, l\u2019oriental, le moyen Atlas et le Rif et en hausse par tout ailleurs.<\/p>\n<p>\u2013 Mer belle \u00e0 peu agit\u00e9e sur la M\u00e9diterran\u00e9e et peu agit\u00e9e \u00e0 agit\u00e9e sur le D\u00e9troit et le long du Littoral.<\/p>\n<p>The post <a rel=\"nofollow\" href=\"https:\/\/www.mapmarrakech.ma\/fr\/previsions-meteorologiques-pour-le-vendredi-21-janvier-2022\/\">Pr\u00e9visions m\u00e9t\u00e9orologiques pour le vendredi 21 janvier 2022<\/a> appeared first on <a rel=\"nofollow\" href=\"https:\/\/www.mapmarrakech.ma\/fr\">MapMarrakech<\/a>.<\/p>\n<\/div>\n<p>Auteur: Meriem IGASS<br \/>\n<a href=\"https:\/\/www.mapmarrakech.ma\/fr\/previsions-meteorologiques-pour-le-vendredi-21-janvier-2022\/\">Cliquez ici pour lire l&rsquo;article depuis sa source.<\/a><\/p>\n","protected":false},"excerpt":{"rendered":"<p>\u2013 Temps assez froid avec gel\u00e9e locale sur l\u2019int\u00e9rieur du pays, notamment sur l\u2019atlas, le rif, le sud-est et l\u2019oriental. \u2013 Ond\u00e9es \u00e9parses sur le nord des provinces sud, le sud de l\u2019Atlas et ses plaines voisines. \u2013 Bruines locales sur la M\u00e9diterran\u00e9e. \u2013 Brume ou brouillard par endroits sur les plaines atlantiques nord, le [&hellip;]<\/p>\n","protected":false},"author":1788,"featured_media":0,"comment_status":"closed","ping_status":"closed","sticky":false,"template":"","format":"standard","meta":{"fifu_image_url":"https:\/\/www.mapmarrakech.ma\/map\/uploads\/2021\/12\/soleil_m\u00e9t\u00e9o-3.jpg","fifu_image_alt":"Pr\u00e9visions m\u00e9t\u00e9orologiques pour le vendredi 21 janvier 2022","footnotes":""},"categories":[54,76],"tags":[],"class_list":["post-138980","post","type-post","status-publish","format-standard","hentry","category-maroc","category-regions"],"_links":{"self":[{"href":"https:\/\/linitiative.ca\/International\/wp-json\/wp\/v2\/posts\/138980","targetHints":{"allow":["GET"]}}],"collection":[{"href":"https:\/\/linitiative.ca\/International\/wp-json\/wp\/v2\/posts"}],"about":[{"href":"https:\/\/linitiative.ca\/International\/wp-json\/wp\/v2\/types\/post"}],"author":[{"embeddable":true,"href":"https:\/\/linitiative.ca\/International\/wp-json\/wp\/v2\/users\/1788"}],"replies":[{"embeddable":true,"href":"https:\/\/linitiative.ca\/International\/wp-json\/wp\/v2\/comments?post=138980"}],"version-history":[{"count":0,"href":"https:\/\/linitiative.ca\/International\/wp-json\/wp\/v2\/posts\/138980\/revisions"}],"wp:attachment":[{"href":"https:\/\/linitiative.ca\/International\/wp-json\/wp\/v2\/media?parent=138980"}],"wp:term":[{"taxonomy":"category","embeddable":true,"href":"https:\/\/linitiative.ca\/International\/wp-json\/wp\/v2\/categories?post=138980"},{"taxonomy":"post_tag","embeddable":true,"href":"https:\/\/linitiative.ca\/International\/wp-json\/wp\/v2\/tags?post=138980"}],"curies":[{"name":"wp","href":"https:\/\/api.w.org\/{rel}","templated":true}]}}