{"id":138982,"date":"2022-01-20T13:08:24","date_gmt":"2022-01-20T18:08:24","guid":{"rendered":"https:\/\/linitiative.ca\/International\/reunion-autour-de-la-restructuration-de-la-station-doukaimeden\/"},"modified":"2022-01-20T13:08:24","modified_gmt":"2022-01-20T18:08:24","slug":"reunion-autour-de-la-restructuration-de-la-station-doukaimeden","status":"publish","type":"post","link":"https:\/\/linitiative.ca\/International\/reunion-autour-de-la-restructuration-de-la-station-doukaimeden\/","title":{"rendered":"R\u00e9union autour de la restructuration de la station d\u2019Ouka\u00efmeden"},"content":{"rendered":"<div>\n<div style=\"margin-bottom:20px;\"><img loading=\"lazy\" decoding=\"async\" width=\"750\" height=\"430\" src=\"https:\/\/linitiative.ca\/International\/wp-content\/uploads\/sites\/23\/2022\/01\/haouz-copier.jpg\" class=\"attachment-post-thumbnail size-post-thumbnail wp-post-image\" alt=\"\" srcset=\"https:\/\/linitiative.ca\/International\/wp-content\/uploads\/sites\/23\/2022\/01\/haouz-copier.jpg 750w, https:\/\/www.mapmarrakech.ma\/map\/uploads\/2022\/01\/haouz-copier-300x172.jpg 300w\" sizes=\"auto, (max-width: 750px) 100vw, 750px\"><\/div>\n<p>Tenue en pr\u00e9sence; notamment du wali de la r\u00e9gion Marrakech-Safi, gouverneur de la pr\u00e9fecture de Marrakech, M. Karim Kassi-Lahlou, du pr\u00e9sident du Conseil r\u00e9gional de Marrakech-Safi, M. Samir Goudar, et du gouverneur de la province d\u2019Al Haouz, M. Rachid Benchikhi, cette rencontre a constitu\u00e9 le lancement officiel de la mise en \u0153uvre des dispositions de cette la convention approuv\u00e9e le 13 juillet dernier.<\/p>\n<p>Cette convention, qui met \u00e0 contribution plusieurs acteurs, porte sur la mise en \u0153uvre d\u2019un plan d\u2019action visant \u00e0 tirer vers le haut le nombre de visiteurs dans ce site pour atteindre 500.000 annuellement \u00e0 l\u2019horizon 2030.<\/p>\n<p>Intervenant \u00e0 l\u2019ouverture des travaux de cette rencontre, le wali de la r\u00e9gion Marrakech- Safi, a fait savoir que la remise \u00e0 niveau de la Station de ski d\u2019Ouka\u00efmeden se veut un projet structurant pour la province d\u2019Al Haouz et la r\u00e9gion Marrakech-Safi visant \u00e0 \u00ab\u00a0cr\u00e9er un label reconnu \u00e0 l\u2019international\u00a0\u00bb.<\/p>\n<p>Tout en mettant en avant l\u2019importance de la mise en place du comit\u00e9 local charg\u00e9 de suivi de la mise en \u0153uvre de la convention relative \u00e0 la restructuration de cette station afin de veiller \u00e0 la r\u00e9alisation de ce projet dans les meilleurs d\u00e9lais, M. Kassi-Lahlou a indiqu\u00e9 que ce projet devrait favoriser la cr\u00e9ation d\u2019entreprises et d\u2019emplois pour les jeunes de la province.<\/p>\n<p>Pour sa part, le Pr\u00e9sident du Conseil r\u00e9gional de Marrakech-Safi, M. Samir Goudar, a appel\u00e9 les diff\u00e9rents intervenants \u00e0 f\u00e9d\u00e9rer leurs efforts pour assurer la r\u00e9ussite de ce projet national d\u2019envergure, qui permettra \u00e0 cette Station d\u2019offrir des prestations de qualit\u00e9, de renforcer sa capacit\u00e9 d\u2019accueil et d\u2019offrir des activit\u00e9s de mani\u00e8re professionnelle.<\/p>\n<p>Dans ce sens, M. Goudar a affirm\u00e9 que la Station touristique d\u2019Ouka\u00efmeden, v\u00e9ritable patrimoine naturel, rec\u00e8le moult potentialit\u00e9s qui sont de nature \u00e0 permettre le d\u00e9veloppement d\u2019activit\u00e9s aussi riches que diversifi\u00e9es, \u00e0 m\u00eame de mettre un terme \u00e0 la probl\u00e9matique de sa saisonnalit\u00e9.<\/p>\n<p>Lors de cette rencontre, le directeur r\u00e9gional du minist\u00e8re de l\u2019Equipement, du transport, de la logistique et de l\u2019eau de Marrakech-Safi, M. Mustapha El Hamdaoui, a pr\u00e9sent\u00e9 un expos\u00e9 sur ce projet, notamment l\u2019axe qui concerne l\u2019am\u00e9lioration de l\u2019acc\u00e8s routier, pour un investissement global de 165 millions de DH,<\/p>\n<p>Dans ce sens, M. El Hamdaoui a indiqu\u00e9 que cet axe pr\u00e9voit l\u2019\u00e9largissement de la voie sur les 80 kilom\u00e8tres qui m\u00e8nent \u00e0 la Station, ce qui \u00e9vitera aux conducteurs les zones d\u2019ombre et les virages difficiles, estimant que chantier aura un impact positif sur la promotion de l\u2019activit\u00e9 touristique ainsi que sur le secteur de l\u2019artisanat dans la province.<\/p>\n<p>Pour sa part, le Directeur g\u00e9n\u00e9ral de la Soci\u00e9t\u00e9 Marocaine d\u2019Ing\u00e9nierie Touristique (SMIT), M. Imad Barrakad, a rappel\u00e9, dans son intervention, que l\u2019\u00e9tude du projet a \u00e9t\u00e9 initi\u00e9 par la SMIT en 2018 pour un montant d\u2019environ 600.000 DH, \u00ab\u00a0ce qui a permis d\u2019aboutir \u00e0 ce plan d\u2019action contenu dans la convention dont la mise en \u0153uvre a \u00e9t\u00e9 lanc\u00e9e officiellement aujourd\u2019hui\u00a0\u00bb.<\/p>\n<p>Et de poursuivre que la r\u00e9alisation de \u00ab\u00a0ce projet contribuera, sans nul doute, au renforcement de l\u2019attractivit\u00e9 touristique de la province d\u2019Al Haouz en particulier, et de la r\u00e9gion Marrakech- Safi en g\u00e9n\u00e9ral, en jetant les jalons d\u2019un v\u00e9ritable tourisme de montagne durable et cr\u00e9ateur de richesses\u00a0\u00bb.<\/p>\n<p>Ce projet, dont l\u2019investissement global est estim\u00e9 \u00e0 230 millions de DH, se fixe pour objectifs la promotion des potentialit\u00e9s de la montagne et son environnement imm\u00e9diat, la cr\u00e9ation d\u2019un produit distingu\u00e9 et \u00e0 fort rayonnement ainsi qu\u2019une richesse et une dynamique soutenue dans les zones limitrophes au Mont Ouka\u00efmeden, en vue d\u2019am\u00e9liorer les conditions de vie des autochtones (cr\u00e9ation d\u2019opportunit\u00e9s d\u2019emploi, valorisation des produits locaux, d\u00e9veloppement des activit\u00e9s g\u00e9n\u00e9ratrices de revenu (AGR), cr\u00e9ation d\u2019une dynamique commerciale et am\u00e9lioration des services publics\u2026.etc).<\/p>\n<p>Ce chantier d\u2019envergure ambitionne aussi de cr\u00e9er des activit\u00e9s sportives et r\u00e9cr\u00e9atives, de promouvoir la sensibilisation \u00e0 l\u2019importance de la pratique sportive, et enfin de g\u00e9n\u00e9rer de la valeur ajout\u00e9e aux niveaux local et r\u00e9gional.<\/p>\n<p>Ce projet sera r\u00e9alis\u00e9 en deux tranches, dont la premi\u00e8re porte sur le changement du mod\u00e8le de gestion de la Station, l\u2019adoption d\u2019un mod\u00e8le et une approche nouvelle de sa gestion, l\u2019am\u00e9lioration du rendement techniques des remont\u00e9es m\u00e9caniques, outre le renouvellement des \u00e9quipements et l\u2019ex\u00e9cution des travaux de maintenance, la mise en place d\u2019un programme structurel pour faire face aux risques de la chute de neige et l\u2019installation d\u2019\u00e9quipements de s\u00e9curit\u00e9.<\/p>\n<p>Sont programm\u00e9s \u00e9galement dans le cadre de cette premi\u00e8re tranche, la cr\u00e9ation d\u2019activit\u00e9s de distraction tout au long de l\u2019ann\u00e9e, la restructuration du domaine urbanistique de la Station, la r\u00e9solution de la probl\u00e9matique de l\u2019acc\u00e8s \u00e0 la Station et le r\u00e9am\u00e9nagement du parking, le renforcement des outils de protection de l\u2019environnement, la valorisation du produit forestier, la valorisation du produit mat\u00e9riel et immat\u00e9riel de la r\u00e9gion en vue de le faire conna\u00eetre davantage aupr\u00e8s des visiteurs et enfin la formation des ressources humaines.<\/p>\n<p>Quant \u00e0 la seconde tranche de ce projet, elle porte sur le d\u00e9veloppement d\u2019une nouvelle g\u00e9n\u00e9ration d\u2019activit\u00e9s de distraction, la construction d\u2019un restaurant panoramique au sommet de la montagne d\u2019Ouka\u00efmeden et la r\u00e9alisation d\u2019une t\u00e9l\u00e9cabine.<\/p>\n<p>\u00a0<\/p>\n<p>The post <a rel=\"nofollow\" href=\"https:\/\/www.mapmarrakech.ma\/fr\/convention-pour-le-developpement-de-lentrepreneuriat-dans-le-haut-atlas\/\">R\u00e9union autour de la restructuration de la station d\u2019Ouka\u00efmeden<\/a> appeared first on <a rel=\"nofollow\" href=\"https:\/\/www.mapmarrakech.ma\/fr\">MapMarrakech<\/a>.<\/p>\n<\/div>\n<p>Auteur: Meriem IGASS<br \/>\n<a href=\"https:\/\/www.mapmarrakech.ma\/fr\/convention-pour-le-developpement-de-lentrepreneuriat-dans-le-haut-atlas\/\">Cliquez ici pour lire l&rsquo;article depuis sa source.<\/a><\/p>\n","protected":false},"excerpt":{"rendered":"<p>Tenue en pr\u00e9sence; notamment du wali de la r\u00e9gion Marrakech-Safi, gouverneur de la pr\u00e9fecture de Marrakech, M. Karim Kassi-Lahlou, du pr\u00e9sident du Conseil r\u00e9gional de Marrakech-Safi, M. Samir Goudar, et du gouverneur de la province d\u2019Al Haouz, M. Rachid Benchikhi, cette rencontre a constitu\u00e9 le lancement officiel de la mise en \u0153uvre des dispositions de [&hellip;]<\/p>\n","protected":false},"author":1788,"featured_media":0,"comment_status":"closed","ping_status":"closed","sticky":false,"template":"","format":"standard","meta":{"fifu_image_url":"https:\/\/www.mapmarrakech.ma\/map\/uploads\/2022\/01\/haouz-copier.jpg","fifu_image_alt":"R\u00e9union autour de la restructuration de la station d\u2019Ouka\u00efmeden","footnotes":""},"categories":[54,76],"tags":[],"class_list":["post-138982","post","type-post","status-publish","format-standard","hentry","category-maroc","category-regions"],"_links":{"self":[{"href":"https:\/\/linitiative.ca\/International\/wp-json\/wp\/v2\/posts\/138982","targetHints":{"allow":["GET"]}}],"collection":[{"href":"https:\/\/linitiative.ca\/International\/wp-json\/wp\/v2\/posts"}],"about":[{"href":"https:\/\/linitiative.ca\/International\/wp-json\/wp\/v2\/types\/post"}],"author":[{"embeddable":true,"href":"https:\/\/linitiative.ca\/International\/wp-json\/wp\/v2\/users\/1788"}],"replies":[{"embeddable":true,"href":"https:\/\/linitiative.ca\/International\/wp-json\/wp\/v2\/comments?post=138982"}],"version-history":[{"count":0,"href":"https:\/\/linitiative.ca\/International\/wp-json\/wp\/v2\/posts\/138982\/revisions"}],"wp:attachment":[{"href":"https:\/\/linitiative.ca\/International\/wp-json\/wp\/v2\/media?parent=138982"}],"wp:term":[{"taxonomy":"category","embeddable":true,"href":"https:\/\/linitiative.ca\/International\/wp-json\/wp\/v2\/categories?post=138982"},{"taxonomy":"post_tag","embeddable":true,"href":"https:\/\/linitiative.ca\/International\/wp-json\/wp\/v2\/tags?post=138982"}],"curies":[{"name":"wp","href":"https:\/\/api.w.org\/{rel}","templated":true}]}}