{"id":138986,"date":"2022-01-20T08:57:52","date_gmt":"2022-01-20T13:57:52","guid":{"rendered":"https:\/\/linitiative.ca\/International\/fonds-souverains-le-maroc-preside-le-conseil-dadministration-de-lifswf\/"},"modified":"2022-01-20T08:57:52","modified_gmt":"2022-01-20T13:57:52","slug":"fonds-souverains-le-maroc-preside-le-conseil-dadministration-de-lifswf","status":"publish","type":"post","link":"https:\/\/linitiative.ca\/International\/fonds-souverains-le-maroc-preside-le-conseil-dadministration-de-lifswf\/","title":{"rendered":"Fonds souverains: le Maroc pr\u00e9side le conseil d\u2019administration de l\u2019IFSWF"},"content":{"rendered":"<div>\n<div class=\"field field-name-body field-type-text-with-summary field-label-hidden\">\n<div class=\"field-items\">\n<div class=\"field-item even\" property=\"content:encoded\">\n<p class=\"rtejustify\">Le Maroc, \u00e0 travers son fonds souverain Ithmar Capital, a \u00e9t\u00e9 \u00e9lu, \u00e0 une large majorit\u00e9, \u00e0 la pr\u00e9sidence du Conseil d&rsquo;administration du Forum international des fonds souverains (IFSWF) lors de sa 13e assembl\u00e9e annuelle et ce, pour un mandat de 3 ans. Il s\u2019agit d\u2019une premi\u00e8re pour un fonds souverain africain.<\/p>\n<\/div>\n<\/div>\n<\/div>\n<\/div>\n<p>Auteur: mbasraoui<br \/>\n<a href=\"https:\/\/www.leconomiste.com\/flash-infos\/fonds-souverains-le-maroc-preside-le-conseil-d-administration-de-l-ifswf\">Cliquez ici pour lire l&rsquo;article depuis sa source.<\/a><\/p>\n","protected":false},"excerpt":{"rendered":"<p>Le Maroc, \u00e0 travers son fonds souverain Ithmar Capital, a \u00e9t\u00e9 \u00e9lu, \u00e0 une large majorit\u00e9, \u00e0 la pr\u00e9sidence du Conseil d&rsquo;administration du Forum international des fonds souverains (IFSWF) lors de sa 13e assembl\u00e9e annuelle et ce, pour un mandat de 3 ans. Il s\u2019agit d\u2019une premi\u00e8re pour un fonds souverain africain. Auteur: mbasraoui Cliquez [&hellip;]<\/p>\n","protected":false},"author":1763,"featured_media":0,"comment_status":"closed","ping_status":"closed","sticky":false,"template":"","format":"standard","meta":{"fifu_image_url":"","fifu_image_alt":"","footnotes":""},"categories":[78,54],"tags":[],"class_list":["post-138986","post","type-post","status-publish","format-standard","hentry","category-economie","category-maroc"],"_links":{"self":[{"href":"https:\/\/linitiative.ca\/International\/wp-json\/wp\/v2\/posts\/138986","targetHints":{"allow":["GET"]}}],"collection":[{"href":"https:\/\/linitiative.ca\/International\/wp-json\/wp\/v2\/posts"}],"about":[{"href":"https:\/\/linitiative.ca\/International\/wp-json\/wp\/v2\/types\/post"}],"author":[{"embeddable":true,"href":"https:\/\/linitiative.ca\/International\/wp-json\/wp\/v2\/users\/1763"}],"replies":[{"embeddable":true,"href":"https:\/\/linitiative.ca\/International\/wp-json\/wp\/v2\/comments?post=138986"}],"version-history":[{"count":0,"href":"https:\/\/linitiative.ca\/International\/wp-json\/wp\/v2\/posts\/138986\/revisions"}],"wp:attachment":[{"href":"https:\/\/linitiative.ca\/International\/wp-json\/wp\/v2\/media?parent=138986"}],"wp:term":[{"taxonomy":"category","embeddable":true,"href":"https:\/\/linitiative.ca\/International\/wp-json\/wp\/v2\/categories?post=138986"},{"taxonomy":"post_tag","embeddable":true,"href":"https:\/\/linitiative.ca\/International\/wp-json\/wp\/v2\/tags?post=138986"}],"curies":[{"name":"wp","href":"https:\/\/api.w.org\/{rel}","templated":true}]}}