{"id":138987,"date":"2022-01-20T09:07:38","date_gmt":"2022-01-20T14:07:38","guid":{"rendered":"https:\/\/linitiative.ca\/International\/fes-luemf-celebre-lamazigh-day\/"},"modified":"2022-01-20T09:07:38","modified_gmt":"2022-01-20T14:07:38","slug":"fes-luemf-celebre-lamazigh-day","status":"publish","type":"post","link":"https:\/\/linitiative.ca\/International\/fes-luemf-celebre-lamazigh-day\/","title":{"rendered":"F\u00e8s: L&rsquo;UEMF c\u00e9l\u00e8bre \u00ab\u00a0l&rsquo;Amazigh Day\u00a0\u00bb"},"content":{"rendered":"<div>\n<div class=\"field field-name-body field-type-text-with-summary field-label-hidden\">\n<div class=\"field-items\">\n<div class=\"field-item even\" property=\"content:encoded\">\n<p class=\"rtejustify\">L&rsquo;Universit\u00e9 Euromed de F\u00e8s (UEMF) organise ce jeudi 20 janvier 2022 \u00ab\u00a0l&rsquo;Amazigh Day\u00a0\u00bb, en guise de c\u00e9l\u00e9bration du nouvel an amazigh 2972.<\/p>\n<p class=\"rtejustify\">Cette initiative qui tend \u00e0 promouvoir la culture berb\u00e8re, comme composante essentielle d&rsquo;un Maroc cosmopolite, est l&rsquo;occasion de mettre en valeur le patrimoine amazigh \u00e0 travers le chant et l&rsquo;artisanat.<\/p>\n<\/div>\n<\/div>\n<\/div>\n<\/div>\n<p>Auteur: mbasraoui<br \/>\n<a href=\"https:\/\/www.leconomiste.com\/flash-infos\/fes-l-uemf-celebre-l-amazigh-day\">Cliquez ici pour lire l&rsquo;article depuis sa source.<\/a><\/p>\n","protected":false},"excerpt":{"rendered":"<p>L&rsquo;Universit\u00e9 Euromed de F\u00e8s (UEMF) organise ce jeudi 20 janvier 2022 \u00ab\u00a0l&rsquo;Amazigh Day\u00a0\u00bb, en guise de c\u00e9l\u00e9bration du nouvel an amazigh 2972. Cette initiative qui tend \u00e0 promouvoir la culture berb\u00e8re, comme composante essentielle d&rsquo;un Maroc cosmopolite, est l&rsquo;occasion de mettre en valeur le patrimoine amazigh \u00e0 travers le chant et l&rsquo;artisanat. Auteur: mbasraoui Cliquez [&hellip;]<\/p>\n","protected":false},"author":1763,"featured_media":0,"comment_status":"closed","ping_status":"closed","sticky":false,"template":"","format":"standard","meta":{"fifu_image_url":"","fifu_image_alt":"","footnotes":""},"categories":[78,54],"tags":[],"class_list":["post-138987","post","type-post","status-publish","format-standard","hentry","category-economie","category-maroc"],"_links":{"self":[{"href":"https:\/\/linitiative.ca\/International\/wp-json\/wp\/v2\/posts\/138987","targetHints":{"allow":["GET"]}}],"collection":[{"href":"https:\/\/linitiative.ca\/International\/wp-json\/wp\/v2\/posts"}],"about":[{"href":"https:\/\/linitiative.ca\/International\/wp-json\/wp\/v2\/types\/post"}],"author":[{"embeddable":true,"href":"https:\/\/linitiative.ca\/International\/wp-json\/wp\/v2\/users\/1763"}],"replies":[{"embeddable":true,"href":"https:\/\/linitiative.ca\/International\/wp-json\/wp\/v2\/comments?post=138987"}],"version-history":[{"count":0,"href":"https:\/\/linitiative.ca\/International\/wp-json\/wp\/v2\/posts\/138987\/revisions"}],"wp:attachment":[{"href":"https:\/\/linitiative.ca\/International\/wp-json\/wp\/v2\/media?parent=138987"}],"wp:term":[{"taxonomy":"category","embeddable":true,"href":"https:\/\/linitiative.ca\/International\/wp-json\/wp\/v2\/categories?post=138987"},{"taxonomy":"post_tag","embeddable":true,"href":"https:\/\/linitiative.ca\/International\/wp-json\/wp\/v2\/tags?post=138987"}],"curies":[{"name":"wp","href":"https:\/\/api.w.org\/{rel}","templated":true}]}}