{"id":138991,"date":"2022-01-20T02:24:00","date_gmt":"2022-01-20T07:24:00","guid":{"rendered":"https:\/\/linitiative.ca\/International\/can-2021-fin-de-la-preparation-pour-le-choc-face-a-la-cote-divoire-place-au-match\/"},"modified":"2022-01-20T02:24:00","modified_gmt":"2022-01-20T07:24:00","slug":"can-2021-fin-de-la-preparation-pour-le-choc-face-a-la-cote-divoire-place-au-match","status":"publish","type":"post","link":"https:\/\/linitiative.ca\/International\/can-2021-fin-de-la-preparation-pour-le-choc-face-a-la-cote-divoire-place-au-match\/","title":{"rendered":"CAN 2021 : Fin de la pr\u00e9paration pour le choc face \u00e0 la C\u00f4te d&rsquo;Ivoire. Place au match !"},"content":{"rendered":"<div>Les joueurs de la s\u00e9lection nationale ont pris part ce mercredi \u00e0 leur derni\u00e8re s\u00e9ance d&rsquo;entrainement avant le match d\u00e9cisif face \u00e0 la C\u00f4te d&rsquo;Ivoire ce jeudi<\/div>\n<p>Auteur:<br \/>\n<a href=\"https:\/\/www.lebuteur.com\/article\/detail?titre=can-2021-fin-de-la-preparation-pour-le-choc-face-a-la-cote-divoire-place-au-match&#038;id=102110\">Cliquez ici pour lire l&rsquo;article depuis sa source.<\/a><\/p>\n","protected":false},"excerpt":{"rendered":"<p>Les joueurs de la s\u00e9lection nationale ont pris part ce mercredi \u00e0 leur derni\u00e8re s\u00e9ance d&rsquo;entrainement avant le match d\u00e9cisif face \u00e0 la C\u00f4te d&rsquo;Ivoire ce jeudi Auteur: Cliquez ici pour lire l&rsquo;article depuis sa source.<\/p>\n","protected":false},"author":1738,"featured_media":0,"comment_status":"closed","ping_status":"closed","sticky":false,"template":"","format":"standard","meta":{"fifu_image_url":"","fifu_image_alt":"","footnotes":""},"categories":[53,75],"tags":[],"class_list":["post-138991","post","type-post","status-publish","format-standard","hentry","category-algerie","category-sport"],"_links":{"self":[{"href":"https:\/\/linitiative.ca\/International\/wp-json\/wp\/v2\/posts\/138991","targetHints":{"allow":["GET"]}}],"collection":[{"href":"https:\/\/linitiative.ca\/International\/wp-json\/wp\/v2\/posts"}],"about":[{"href":"https:\/\/linitiative.ca\/International\/wp-json\/wp\/v2\/types\/post"}],"author":[{"embeddable":true,"href":"https:\/\/linitiative.ca\/International\/wp-json\/wp\/v2\/users\/1738"}],"replies":[{"embeddable":true,"href":"https:\/\/linitiative.ca\/International\/wp-json\/wp\/v2\/comments?post=138991"}],"version-history":[{"count":0,"href":"https:\/\/linitiative.ca\/International\/wp-json\/wp\/v2\/posts\/138991\/revisions"}],"wp:attachment":[{"href":"https:\/\/linitiative.ca\/International\/wp-json\/wp\/v2\/media?parent=138991"}],"wp:term":[{"taxonomy":"category","embeddable":true,"href":"https:\/\/linitiative.ca\/International\/wp-json\/wp\/v2\/categories?post=138991"},{"taxonomy":"post_tag","embeddable":true,"href":"https:\/\/linitiative.ca\/International\/wp-json\/wp\/v2\/tags?post=138991"}],"curies":[{"name":"wp","href":"https:\/\/api.w.org\/{rel}","templated":true}]}}