{"id":139000,"date":"2022-01-20T04:20:00","date_gmt":"2022-01-20T09:20:00","guid":{"rendered":"https:\/\/linitiative.ca\/International\/face-aux-penuries-la-tunisie-peine-et-ne-rit-pas\/"},"modified":"2022-01-20T04:20:00","modified_gmt":"2022-01-20T09:20:00","slug":"face-aux-penuries-la-tunisie-peine-et-ne-rit-pas","status":"publish","type":"post","link":"https:\/\/linitiative.ca\/International\/face-aux-penuries-la-tunisie-peine-et-ne-rit-pas\/","title":{"rendered":"Face aux p\u00e9nuries, la Tunisie peine et ne rit pas"},"content":{"rendered":"<div><img decoding=\"async\" src=\"https:\/\/linitiative.ca\/International\/wp-content\/uploads\/sites\/23\/2022\/01\/1642694766_article.jpg\" alt=\"Face aux p\u00e9nuries, la Tunisie peine et ne rit pas\" align=\"left\">Par Monji Ben Raies\u00a0 &#8211; En Tunisie, la fin d\u2019ann\u00e9e est plac\u00e9e sous le signe des p\u00e9nuries et de l\u2019inflation. Le pays est fractur\u00e9 et embourb\u00e9 dans une crise \u00e9conomique et sociale exacerb\u00e9e par les cons\u00e9quences de la crise sanitaire. L\u2019\u00c9tat est au fond du gouffre, traversant une crise \u00e9conomique, sociale et financi\u00e8re telle qu\u2019il n\u2019en a jamais connue auparavant, depuis son ind\u00e9pendance. C\u2019est, pour ainsi dire une chronique d\u2019un effondrement de l\u2019Etat annonc\u00e9. La soci\u00e9t\u00e9 politique et la soci\u00e9t\u00e9 civile sont, quant \u00e0 elles, toutes \u00e0 leurs querelles, indiff\u00e9rentes \u00e0 ces questions ; leurs interrogations ne s\u2019engagent pas sur ce d\u00e9bat-l\u00e0, pr\u00e9f\u00e9rant une &#8230;<\/p>\n<\/div>\n<p>Auteur:<br \/>\n<a href=\"https:\/\/www.leaders.com.tn\/article\/32887-face-aux-penuries-la-tunisie-peine-et-ne-rit-pas\">Cliquez ici pour lire l&rsquo;article depuis sa source.<\/a><\/p>\n","protected":false},"excerpt":{"rendered":"<p>Par Monji Ben Raies\u00a0 &#8211; En Tunisie, la fin d\u2019ann\u00e9e est plac\u00e9e sous le signe des p\u00e9nuries et de l\u2019inflation. Le pays est fractur\u00e9 et embourb\u00e9 dans une crise \u00e9conomique et sociale exacerb\u00e9e par les cons\u00e9quences de la crise sanitaire. L\u2019\u00c9tat est au fond du gouffre, traversant une crise \u00e9conomique, sociale et financi\u00e8re telle qu\u2019il [&hellip;]<\/p>\n","protected":false},"author":1772,"featured_media":0,"comment_status":"closed","ping_status":"closed","sticky":false,"template":"","format":"standard","meta":{"fifu_image_url":"http:\/\/www.leaders.com.tn\/uploads\/content\/thumbnails_small\/1642694766_article.jpg","fifu_image_alt":"Face aux p\u00e9nuries, la Tunisie peine et ne rit pas","footnotes":""},"categories":[73,55],"tags":[],"class_list":["post-139000","post","type-post","status-publish","format-standard","hentry","category-actualite","category-tunisie"],"_links":{"self":[{"href":"https:\/\/linitiative.ca\/International\/wp-json\/wp\/v2\/posts\/139000","targetHints":{"allow":["GET"]}}],"collection":[{"href":"https:\/\/linitiative.ca\/International\/wp-json\/wp\/v2\/posts"}],"about":[{"href":"https:\/\/linitiative.ca\/International\/wp-json\/wp\/v2\/types\/post"}],"author":[{"embeddable":true,"href":"https:\/\/linitiative.ca\/International\/wp-json\/wp\/v2\/users\/1772"}],"replies":[{"embeddable":true,"href":"https:\/\/linitiative.ca\/International\/wp-json\/wp\/v2\/comments?post=139000"}],"version-history":[{"count":0,"href":"https:\/\/linitiative.ca\/International\/wp-json\/wp\/v2\/posts\/139000\/revisions"}],"wp:attachment":[{"href":"https:\/\/linitiative.ca\/International\/wp-json\/wp\/v2\/media?parent=139000"}],"wp:term":[{"taxonomy":"category","embeddable":true,"href":"https:\/\/linitiative.ca\/International\/wp-json\/wp\/v2\/categories?post=139000"},{"taxonomy":"post_tag","embeddable":true,"href":"https:\/\/linitiative.ca\/International\/wp-json\/wp\/v2\/tags?post=139000"}],"curies":[{"name":"wp","href":"https:\/\/api.w.org\/{rel}","templated":true}]}}