{"id":139004,"date":"2022-01-20T15:08:00","date_gmt":"2022-01-20T20:08:00","guid":{"rendered":"https:\/\/linitiative.ca\/International\/agil-remercie-ses-employes-davoir-assure-lapprovisionnement-en-carburants-durant-la-greve\/"},"modified":"2022-01-20T15:08:00","modified_gmt":"2022-01-20T20:08:00","slug":"agil-remercie-ses-employes-davoir-assure-lapprovisionnement-en-carburants-durant-la-greve","status":"publish","type":"post","link":"https:\/\/linitiative.ca\/International\/agil-remercie-ses-employes-davoir-assure-lapprovisionnement-en-carburants-durant-la-greve\/","title":{"rendered":"Agil remercie ses employ\u00e9s d\u2019avoir assur\u00e9 l\u2019approvisionnement en carburants durant la gr\u00e8ve"},"content":{"rendered":"<div><img decoding=\"async\" src=\"https:\/\/linitiative.ca\/International\/wp-content\/uploads\/sites\/23\/2022\/01\/1642706036_article.jpg\" alt=\"Agil remercie ses employ\u00e9s d\u2019avoir assur\u00e9 l\u2019approvisionnement en carburants durant la gr\u00e8ve\" align=\"left\">Dans un souci de d\u00e9veloppement continu et d\u2019am\u00e9lioration de ses services afin d\u2019atteindre un meilleur niveau, la Soci\u00e9t\u00e9 Nationale de Distribution des P\u00e9troles, Agil (SNDP), dirig\u00e9e par Mr. Khaled Bettine, a adress\u00e9 une lettre de remerciements \u00e0 tous ses agents et employ\u00e9s.<br \/>\nUne lettre de remerciements pour le d\u00e9vouement dont ils ont fait preuve en assurant l\u2019approvisionnement en carburants \u00e0 travers tout le pays lors de la gr\u00e8ve men\u00e9e par les transporteurs de carburants, les 6, 7 et 8 janvier dernier.<br \/>\nEn effet, dans cette lettre, le PDG d\u2019Agil exprime sa reconnaissance envers tous les agents et employ\u00e9s qui se sont mobilis\u00e9s dans plus de 220 stations-service pour &#8230;<\/p>\n<\/div>\n<p>Auteur:<br \/>\n<a href=\"https:\/\/www.leaders.com.tn\/article\/32888-agil-remercie-ses-employes-d-avoir-assure-l-approvisionnement-en-carburants-durant-la-greve\">Cliquez ici pour lire l&rsquo;article depuis sa source.<\/a><\/p>\n","protected":false},"excerpt":{"rendered":"<p>Dans un souci de d\u00e9veloppement continu et d\u2019am\u00e9lioration de ses services afin d\u2019atteindre un meilleur niveau, la Soci\u00e9t\u00e9 Nationale de Distribution des P\u00e9troles, Agil (SNDP), dirig\u00e9e par Mr. Khaled Bettine, a adress\u00e9 une lettre de remerciements \u00e0 tous ses agents et employ\u00e9s. Une lettre de remerciements pour le d\u00e9vouement dont ils ont fait preuve en [&hellip;]<\/p>\n","protected":false},"author":1772,"featured_media":0,"comment_status":"closed","ping_status":"closed","sticky":false,"template":"","format":"standard","meta":{"fifu_image_url":"http:\/\/www.leaders.com.tn\/uploads\/content\/thumbnails_small\/1642706036_article.jpg","fifu_image_alt":"Agil remercie ses employ\u00e9s d\u2019avoir assur\u00e9 l\u2019approvisionnement en carburants durant la gr\u00e8ve","footnotes":""},"categories":[73,55],"tags":[],"class_list":["post-139004","post","type-post","status-publish","format-standard","hentry","category-actualite","category-tunisie"],"_links":{"self":[{"href":"https:\/\/linitiative.ca\/International\/wp-json\/wp\/v2\/posts\/139004","targetHints":{"allow":["GET"]}}],"collection":[{"href":"https:\/\/linitiative.ca\/International\/wp-json\/wp\/v2\/posts"}],"about":[{"href":"https:\/\/linitiative.ca\/International\/wp-json\/wp\/v2\/types\/post"}],"author":[{"embeddable":true,"href":"https:\/\/linitiative.ca\/International\/wp-json\/wp\/v2\/users\/1772"}],"replies":[{"embeddable":true,"href":"https:\/\/linitiative.ca\/International\/wp-json\/wp\/v2\/comments?post=139004"}],"version-history":[{"count":0,"href":"https:\/\/linitiative.ca\/International\/wp-json\/wp\/v2\/posts\/139004\/revisions"}],"wp:attachment":[{"href":"https:\/\/linitiative.ca\/International\/wp-json\/wp\/v2\/media?parent=139004"}],"wp:term":[{"taxonomy":"category","embeddable":true,"href":"https:\/\/linitiative.ca\/International\/wp-json\/wp\/v2\/categories?post=139004"},{"taxonomy":"post_tag","embeddable":true,"href":"https:\/\/linitiative.ca\/International\/wp-json\/wp\/v2\/tags?post=139004"}],"curies":[{"name":"wp","href":"https:\/\/api.w.org\/{rel}","templated":true}]}}